{"id":150089,"date":"2024-05-25T11:00:19","date_gmt":"2024-05-25T14:00:19","guid":{"rendered":"https:\/\/corrientesdetarde.com\/?p=150089"},"modified":"2024-05-25T11:00:20","modified_gmt":"2024-05-25T14:00:20","slug":"anciano-hirio-a-cuchillazos-a-un-vecino","status":"publish","type":"post","link":"https:\/\/corrientesdetarde.com\/index.php\/policiales\/anciano-hirio-a-cuchillazos-a-un-vecino\/","title":{"rendered":"Anciano hiri\u00f3 a cuchillazos a un vecino"},"content":{"rendered":"\n<p>El autor del ataque tiene 75 a\u00f1os y su v\u00edctima 56, informaron a \u00e9poca fuentes policiales.<\/p>\n\n\n\n<p>Un anciano hiri\u00f3 ayer a cuchillazos a un vecino con el que mantiene diferencias de viaja data. El incidente sangriento se produjo en una avenida de la capital provincial, donde se encontraron de casualidad.<\/p>\n\n\n\n<p>La agresi\u00f3n con arma blanca tuvo como escenario a la avenida Cazadores Correntinos entre Pirovano y Resoagli del barrio Villa Chiquita.<\/p>\n\n\n\n<p>En ese punto de la ciudad, se toparon los dos hombres, habr\u00edan mantenido un entredicho y el anciano utiliz\u00f3 un cuchillo tipo carnicero para ocasionar al menos dos heridas a la otra persona.<\/p>\n\n\n\n<p>V\u00edctima y victimario viven en calle Las Heras al 3400 del barrio Santa Teresita.<\/p>\n\n\n\n<figure class=\"wp-block-image\"><img decoding=\"async\" src=\"https:\/\/www.diarioepoca.com\/content\/bucket\/7\/1364487w380h373c.jpg.webp\" alt=\"\"\/><\/figure>\n\n\n\n<p>Cerca de las 10:30, transe\u00fantes vieron el incidente entre ambos hombres delante de un local comercial.<\/p>\n\n\n\n<p>Jos\u00e9 Paulino E., result\u00f3 lesionado en el hombro derecho y lado izquierdo de la cintura. Por ello fue trasladado al Hospital Escuela en una ambulancia de la Direcci\u00f3n de Emergencias Sanitarias.<\/p>\n\n\n\n<p>En tanto, efectivos del Grupo de Respuesta Inmediata Motorizada 2, alertados del incidente, demoraron a Carlos Omar A., el anciano que presentaba lesiones leves en la mano derecha y en la frente.<\/p>\n\n\n\n<p>El cuchillo empleado por el septuagenario fue hallado sobre el pavimento de la avenida, mientras \u00e9l era trasladado a una dependencia de seguridad en calidad de &#8220;aprehendido&#8221; y a disposici\u00f3n de la Justicia.<\/p>\n","protected":false},"excerpt":{"rendered":"<p>El autor del ataque tiene 75 a\u00f1os y su v\u00edctima 56, informaron a \u00e9poca fuentes policiales. Un anciano hiri\u00f3 ayer a cuchillazos a un vecino con el que mantiene diferencias&hellip; <\/p>\n","protected":false},"author":3,"featured_media":150102,"comment_status":"closed","ping_status":"open","sticky":false,"template":"","format":"standard","meta":{"footnotes":""},"categories":[33],"tags":[],"class_list":["post-150089","post","type-post","status-publish","format-standard","has-post-thumbnail","hentry","category-policiales"],"_links":{"self":[{"href":"https:\/\/corrientesdetarde.com\/index.php\/wp-json\/wp\/v2\/posts\/150089","targetHints":{"allow":["GET"]}}],"collection":[{"href":"https:\/\/corrientesdetarde.com\/index.php\/wp-json\/wp\/v2\/posts"}],"about":[{"href":"https:\/\/corrientesdetarde.com\/index.php\/wp-json\/wp\/v2\/types\/post"}],"author":[{"embeddable":true,"href":"https:\/\/corrientesdetarde.com\/index.php\/wp-json\/wp\/v2\/users\/3"}],"replies":[{"embeddable":true,"href":"https:\/\/corrientesdetarde.com\/index.php\/wp-json\/wp\/v2\/comments?post=150089"}],"version-history":[{"count":1,"href":"https:\/\/corrientesdetarde.com\/index.php\/wp-json\/wp\/v2\/posts\/150089\/revisions"}],"predecessor-version":[{"id":150115,"href":"https:\/\/corrientesdetarde.com\/index.php\/wp-json\/wp\/v2\/posts\/150089\/revisions\/150115"}],"wp:featuredmedia":[{"embeddable":true,"href":"https:\/\/corrientesdetarde.com\/index.php\/wp-json\/wp\/v2\/media\/150102"}],"wp:attachment":[{"href":"https:\/\/corrientesdetarde.com\/index.php\/wp-json\/wp\/v2\/media?parent=150089"}],"wp:term":[{"taxonomy":"category","embeddable":true,"href":"https:\/\/corrientesdetarde.com\/index.php\/wp-json\/wp\/v2\/categories?post=150089"},{"taxonomy":"post_tag","embeddable":true,"href":"https:\/\/corrientesdetarde.com\/index.php\/wp-json\/wp\/v2\/tags?post=150089"}],"curies":[{"name":"wp","href":"https:\/\/api.w.org\/{rel}","templated":true}]}}