{"id":15011,"date":"2022-10-27T10:52:54","date_gmt":"2022-10-27T13:52:54","guid":{"rendered":"https:\/\/corrientesdetarde.com\/?p=15011"},"modified":"2022-10-27T10:52:57","modified_gmt":"2022-10-27T13:52:57","slug":"wado-de-pedro-dijo-que-la-mayoria-del-frente-de-todos-no-quiere-paso-estan-tratando-de-convencer-al-presidente","status":"publish","type":"post","link":"https:\/\/corrientesdetarde.com\/index.php\/politica\/wado-de-pedro-dijo-que-la-mayoria-del-frente-de-todos-no-quiere-paso-estan-tratando-de-convencer-al-presidente\/","title":{"rendered":"&#8220;Wado&#8221; de Pedro dijo que la mayor\u00eda del Frente de Todos no quiere PASO: &#8220;Est\u00e1n tratando de convencer al Presidente&#8221;"},"content":{"rendered":"\n<p>El ministro del Interior analiz\u00f3 el escenario electoral para 2023 y expuso las diferencias internas que existen sobre las Primarias.<\/p>\n\n\n\n<p>Las elecciones de 2023 siguen ganando terreno en la agenda pol\u00edtica y, en ese marco, las PASO son el primer tema de debate en el seno del oficialismo.<\/p>\n\n\n\n<p>&#8220;La discusi\u00f3n es p\u00fablica, el 100% de los gobernadores se manifest\u00f3 a favor de que no haya cuatro elecciones en el a\u00f1o&#8221;, se\u00f1al\u00f3 Eduardo Wado de Pedro esta ma\u00f1ana en di\u00e1logo con Roberto Navarro en El Destape.<\/p>\n\n\n\n<p>&nbsp;<br>&#8220;Eso manifiesta la mayor\u00eda de los gobernadores e intendentes, que quieren convencerlo al Presidente de la idea que tienen ellos&#8221;, apunt\u00f3 un d\u00eda despu\u00e9s de que Alberto Fern\u00e1ndez expresara con claridad su intenci\u00f3n de que las candidaturas se definan en las Primarias.<\/p>\n\n\n\n<p>Por el contrario, para De Pedro, &#8220;la gente est\u00e1 para votar, pero las discusiones internas se tienen que dar adentro de cada fuerza pol\u00edtica&#8221;.<\/p>\n\n\n\n<p>En otro tramo de la entrevista, el ministro del Interior hizo un balance cr\u00edtico de la gesti\u00f3n de gobierno, porque record\u00f3 que al asumir &#8220;hab\u00eda un compromiso de fortalecer el poder adquisitivo&#8221;, pero eso no se cumpli\u00f3.<\/p>\n\n\n\n<p>&#8220;Ese compromiso nuestro hoy nos da un poquito de bronca&#8230; los que organizamos el Frente de Todos y pensamos la elecci\u00f3n de 2017 tenemos bronca, no estamos conformes con el resultado&#8221;, cuestion\u00f3 antes de profundizar su an\u00e1lisis.<\/p>\n\n\n\n<p>&#8220;Hay que poner m\u00e1s, esforzarse m\u00e1s, conseguir el resultado de la forma que sea. La batalla del poder adquisitivo no la estamos ganando y la queremos ganar&#8221;, postul\u00f3 a modo de desaf\u00edo. &#8220;Hay que cumplir la palabra y hacer un esfuerzo mucho mayor. La gente tiene que tener mas plata que lo que la inflaci\u00f3n le saca&#8221;.<\/p>\n","protected":false},"excerpt":{"rendered":"<p>El ministro del Interior analiz\u00f3 el escenario electoral para 2023 y expuso las diferencias internas que existen sobre las Primarias. Las elecciones de 2023 siguen ganando terreno en la agenda&hellip; <\/p>\n","protected":false},"author":4,"featured_media":15012,"comment_status":"closed","ping_status":"open","sticky":false,"template":"","format":"standard","meta":{"footnotes":""},"categories":[3],"tags":[],"class_list":["post-15011","post","type-post","status-publish","format-standard","has-post-thumbnail","hentry","category-politica"],"_links":{"self":[{"href":"https:\/\/corrientesdetarde.com\/index.php\/wp-json\/wp\/v2\/posts\/15011","targetHints":{"allow":["GET"]}}],"collection":[{"href":"https:\/\/corrientesdetarde.com\/index.php\/wp-json\/wp\/v2\/posts"}],"about":[{"href":"https:\/\/corrientesdetarde.com\/index.php\/wp-json\/wp\/v2\/types\/post"}],"author":[{"embeddable":true,"href":"https:\/\/corrientesdetarde.com\/index.php\/wp-json\/wp\/v2\/users\/4"}],"replies":[{"embeddable":true,"href":"https:\/\/corrientesdetarde.com\/index.php\/wp-json\/wp\/v2\/comments?post=15011"}],"version-history":[{"count":1,"href":"https:\/\/corrientesdetarde.com\/index.php\/wp-json\/wp\/v2\/posts\/15011\/revisions"}],"predecessor-version":[{"id":15013,"href":"https:\/\/corrientesdetarde.com\/index.php\/wp-json\/wp\/v2\/posts\/15011\/revisions\/15013"}],"wp:featuredmedia":[{"embeddable":true,"href":"https:\/\/corrientesdetarde.com\/index.php\/wp-json\/wp\/v2\/media\/15012"}],"wp:attachment":[{"href":"https:\/\/corrientesdetarde.com\/index.php\/wp-json\/wp\/v2\/media?parent=15011"}],"wp:term":[{"taxonomy":"category","embeddable":true,"href":"https:\/\/corrientesdetarde.com\/index.php\/wp-json\/wp\/v2\/categories?post=15011"},{"taxonomy":"post_tag","embeddable":true,"href":"https:\/\/corrientesdetarde.com\/index.php\/wp-json\/wp\/v2\/tags?post=15011"}],"curies":[{"name":"wp","href":"https:\/\/api.w.org\/{rel}","templated":true}]}}