{"id":150125,"date":"2024-05-25T15:56:53","date_gmt":"2024-05-25T18:56:53","guid":{"rendered":"https:\/\/corrientesdetarde.com\/?p=150125"},"modified":"2024-05-25T15:56:58","modified_gmt":"2024-05-25T18:56:58","slug":"tassano-en-el-acto-del-25-la-fecha-nos-inspira-aseguir-luchando-por-el-pais-que-nos-merecemos-2","status":"publish","type":"post","link":"https:\/\/corrientesdetarde.com\/index.php\/actualidad\/tassano-en-el-acto-del-25-la-fecha-nos-inspira-aseguir-luchando-por-el-pais-que-nos-merecemos-2\/","title":{"rendered":"Tassano, en el acto del 25: \u201cLa fecha nos inspira aseguir luchando por el pa\u00eds que nos merecemos\u201d"},"content":{"rendered":"\n<p><em>Junto con el gobernador Vald\u00e9s, el intendente iz\u00f3 la bandera en la plaza 25 de Mayo en el inicio del programa de actos por el 214\u00b0 de la Revoluci\u00f3n de Mayo. Adem\u00e1s, comparti\u00f3 el tradicional chocolate patrio en la Casa de Gobierno y particip\u00f3 de una posterior ceremonia religiosa en la iglesia La Merced. Luego estuvo en el desfile de la costanera. En la noche del viernes, v\u00edspera de la fecha patria, Tassano tambi\u00e9n asisti\u00f3 al Tedeum evang\u00e9lico oficial.<\/em><\/p>\n\n\n\n<p>El gobernador Gustavo Vald\u00e9s y el intendente Eduardo Tassano encabezaron este s\u00e1bado por la ma\u00f1ana los actos centrales en Corrientes por el 214\u00b0 aniversario de la Revoluci\u00f3n de Mayo.<br>Ambos mandatarios presidieron el izamiento de la bandera en la plaza 25 de Mayo y luego compartieron un chocolate patrio en la Casa de Gobierno con los vecinos que se acercaron a festejar esta fecha. Tambi\u00e9n juntos asistieron al Tedeum en la iglesia La Merced y finalmente disfrutaron del desfile de instituciones escolares, civiles y militares.&nbsp;<br>Las actividades oficiales tambi\u00e9n contaron con la presencia del vicegobernador, Pedro Braillard Poccard; el presidente del Superior Tribunal de Justicia, Luis Eduardo Rey V\u00e1zquez; el viceintendente, Emilio Lanari, adem\u00e1s de legisladores y dem\u00e1s funcionarios y servidores p\u00fablicos.<\/p>\n\n\n\n<p>\u201cPOR UNA ARGENTINA GRANDE\u201d<br>En la ocasi\u00f3n, Tassano destac\u00f3 que en el aniversario de la revoluci\u00f3n de Mayo \u201crecordamos a nuestros antepasados que se inspiraron en el deseo de libertad y el desarrollo conjunto, tarea que a\u00fan est\u00e1 pendiente, pero que estas fechas nos inspira por seguir luchando por el pa\u00eds que nos merecemos\u201d, acentu\u00f3.<br>En este sentido destac\u00f3 la presencia de todas las fuerzas vivas de la ciudad celebrando de manera conjunta, acentuando as\u00ed \u201clos valores heredados y ese deseo de construir juntos la Patria, una tarea pendiente que tenemos pero en la que hay que seguir trabajando para tener la Argentina grande que todos anhelamos\u201d.&nbsp;<\/p>\n\n\n\n<p>\u201cUNIDOS EN LOS VALORES PATRIOS\u201d<br>Por su parte, el viceintendente se\u00f1al\u00f3 que \u201choy tenemos el compromiso de no solo celebrar esta fecha patria, sino tambi\u00e9n es importante renovar el compromiso de seguir todos unidos en los valores que impulsaron esos pr\u00f3ceres de la Revoluci\u00f3n de Mayo. Y estaban todos juntos por un inter\u00e9s superador\u201d valor\u00f3 Lanari.<br>\u201cEsas mismas responsabilidades nos cabe a cada uno de nosotros, en cada \u00e1mbito en que nos desempe\u00f1amos diariamente: juntarnos para tener la mayor fuerza para llevar a nuestra Patria a los niveles que todos so\u00f1amos\u201d, concluy\u00f3.<\/p>\n\n\n\n<p>TEDEUM EVANG\u00c9LICO<br>En tanto, en la noche de este viernes, v\u00edspera de la fecha patria, tambi\u00e9n junto con el gobernador Vald\u00e9s, el intendente Tassano particip\u00f3 del Tedeum evang\u00e9lico oficial en conmemoraci\u00f3n del 25 de Mayo.<br>La emotiva ceremonia sucedi\u00f3 en la iglesia cristiana \u201cJes\u00fas Vive\u201d y estuvo presidida por el pastor Ignacio Telechea.<br>En el encuentro se destac\u00f3 y reconoci\u00f3 el valioso trabajo de la comunidad religiosa, particularmente en su meritoria tarea social en beneficio de Corrientes.<\/p>\n","protected":false},"excerpt":{"rendered":"<p>Junto con el gobernador Vald\u00e9s, el intendente iz\u00f3 la bandera en la plaza 25 de Mayo en el inicio del programa de actos por el 214\u00b0 de la Revoluci\u00f3n de&hellip; <\/p>\n","protected":false},"author":12,"featured_media":150154,"comment_status":"closed","ping_status":"open","sticky":false,"template":"","format":"standard","meta":{"footnotes":""},"categories":[23],"tags":[],"class_list":["post-150125","post","type-post","status-publish","format-standard","has-post-thumbnail","hentry","category-actualidad"],"_links":{"self":[{"href":"https:\/\/corrientesdetarde.com\/index.php\/wp-json\/wp\/v2\/posts\/150125","targetHints":{"allow":["GET"]}}],"collection":[{"href":"https:\/\/corrientesdetarde.com\/index.php\/wp-json\/wp\/v2\/posts"}],"about":[{"href":"https:\/\/corrientesdetarde.com\/index.php\/wp-json\/wp\/v2\/types\/post"}],"author":[{"embeddable":true,"href":"https:\/\/corrientesdetarde.com\/index.php\/wp-json\/wp\/v2\/users\/12"}],"replies":[{"embeddable":true,"href":"https:\/\/corrientesdetarde.com\/index.php\/wp-json\/wp\/v2\/comments?post=150125"}],"version-history":[{"count":1,"href":"https:\/\/corrientesdetarde.com\/index.php\/wp-json\/wp\/v2\/posts\/150125\/revisions"}],"predecessor-version":[{"id":150155,"href":"https:\/\/corrientesdetarde.com\/index.php\/wp-json\/wp\/v2\/posts\/150125\/revisions\/150155"}],"wp:featuredmedia":[{"embeddable":true,"href":"https:\/\/corrientesdetarde.com\/index.php\/wp-json\/wp\/v2\/media\/150154"}],"wp:attachment":[{"href":"https:\/\/corrientesdetarde.com\/index.php\/wp-json\/wp\/v2\/media?parent=150125"}],"wp:term":[{"taxonomy":"category","embeddable":true,"href":"https:\/\/corrientesdetarde.com\/index.php\/wp-json\/wp\/v2\/categories?post=150125"},{"taxonomy":"post_tag","embeddable":true,"href":"https:\/\/corrientesdetarde.com\/index.php\/wp-json\/wp\/v2\/tags?post=150125"}],"curies":[{"name":"wp","href":"https:\/\/api.w.org\/{rel}","templated":true}]}}