{"id":150147,"date":"2024-05-25T16:00:26","date_gmt":"2024-05-25T19:00:26","guid":{"rendered":"https:\/\/corrientesdetarde.com\/?p=150147"},"modified":"2024-05-25T16:00:30","modified_gmt":"2024-05-25T19:00:30","slug":"en-medio-de-posibles-cambios-de-gabinete-javier-milei-encabeza-el-acto-por-el-25-de-mayo-en-cordoba","status":"publish","type":"post","link":"https:\/\/corrientesdetarde.com\/index.php\/politica\/en-medio-de-posibles-cambios-de-gabinete-javier-milei-encabeza-el-acto-por-el-25-de-mayo-en-cordoba\/","title":{"rendered":"En medio de posibles cambios de Gabinete, Javier Milei encabeza el acto por el 25 de Mayo en C\u00f3rdoba"},"content":{"rendered":"\n<p>En medio de tensiones internas, el Presidente\u00a0<strong>Javier Milei<\/strong>tiene una agenda cargada este 25 de mayo, fecha en la que esperaba tener aprobada la\u00a0<strong>Ley Bases<\/strong>\u00a0y firmar el\u00a0<strong>Pacto de Mayo<\/strong>\u00a0con los gobernadores. No tendr\u00e1 ni lo uno ni lo otro, pero cumplir\u00e1 con varias citas.<\/p>\n\n\n\n<p>Despu\u00e9s de participar del tradicional Tedeum en la Catedral Metropolitana, donde el arzobispo de Buenos Aires, Jorge Garc\u00eda Cuerva, se mostr\u00f3 preocupado por la malnutrici\u00f3n infantil y la situaci\u00f3n de los jubilados, el Presidente arrib\u00f3 a C\u00f3rdoba junto a su gabinete.<\/p>\n\n\n\n<p>Durante la segunda parte de la jornada, que despierta inter\u00e9s en propios y ajenos, realizar\u00e1 un acto en el Cabildo en el que dar\u00e1 un discurso del que a\u00fan se tienen dudas, ya que todav\u00eda no se sabe<strong>&nbsp;ser\u00e1 de gesti\u00f3n o pol\u00edtico<\/strong>. Meses atr\u00e1s, el Presidente hab\u00eda anunciado un ambicioso acuerdo con gobernadores que finalmente no ser\u00e1 de la partida.<\/p>\n\n\n\n<figure class=\"wp-block-image\"><img decoding=\"async\" src=\"https:\/\/tn.com.ar\/resizer\/eUh5VCGiIhFvfmS2xUVTq3Dbe7Q=\/767x0\/smart\/filters:format(webp)\/cloudfront-us-east-1.images.arcpublishing.com\/artear\/5NFUDNW6YNFDVAKFOOMVXUHTTU.jpg\" alt=\"El \u00faltimo acto de Javier Milei fue en el Luna Park,donde cant\u00f3 y critic\u00f3 al \u201cmaldito socialismo\u201d (Foto: Presidencia).\"\/><figcaption class=\"wp-element-caption\">El \u00faltimo acto de Javier Milei fue en el Luna Park,donde cant\u00f3 y critic\u00f3 al \u201cmaldito socialismo\u201d (Foto: Presidencia).<\/figcaption><\/figure>\n\n\n\n<p>En el medio, el Gobierno tuvo serios problemas para aprobar leyes en el Congreso e incluso ahora no termina de limar asperezas con la oposici\u00f3n para conseguir la media sanci\u00f3n que falta de la Ley Bases en el Senado. Ante este escenario, puede esperarse un Milei combativo, que, por otra parte, ya es su estilo de conducci\u00f3n.<\/p>\n\n\n\n<p>\u201cNuestro primer hito de gesti\u00f3n terminar\u00eda con el desenlace de la<strong>\u00a0Ley Bases<\/strong>\u00a0que puede salir bien o puede no salir. Esa situaci\u00f3n va a llevar a que, marcado ese hito, nosotros tenemos que hacer una evaluaci\u00f3n de resultados.\u00a0<strong>Queda bajo an\u00e1lisis todo el Gabinete, no solo Posse<\/strong>\u201d, dijo el Presidente d\u00edas atr\u00e1s, y agreg\u00f3: \u201cA partir de ah\u00ed, se eval\u00faa qu\u00e9 funcion\u00f3 y<strong>\u00a0lo que no, se cambia<\/strong>\u201d.<\/p>\n\n\n\n<figure class=\"wp-block-image\"><img decoding=\"async\" src=\"https:\/\/tn.com.ar\/resizer\/QHE00hexGnqH2kZGVaTgwRQNi8M=\/767x0\/smart\/filters:format(webp)\/cloudfront-us-east-1.images.arcpublishing.com\/artear\/CGP5ZTMFK5FTPILWXRPQRIBG64.png\" alt=\"El jefe de gabinete, Nicol\u00e1s Posse, est\u00e1 en el centro de las cr\u00edticas, pero el Presidente asegur\u00f3 que &quot;todos est\u00e1n en revisi\u00f3n&quot;. (Foto: Prensa Casa Rosada)\"\/><figcaption class=\"wp-element-caption\">El jefe de gabinete, Nicol\u00e1s Posse, est\u00e1 en el centro de las cr\u00edticas, pero el Presidente asegur\u00f3 que &#8220;todos est\u00e1n en revisi\u00f3n&#8221;. (Foto: Prensa Casa Rosada)<\/figcaption><\/figure>\n\n\n\n<p><strong>\u201cTodos estamos en evaluaci\u00f3n permanente\u201d<\/strong>, desliz\u00f3 el vocero presidencial,<strong>&nbsp;Manuel Adorni&nbsp;<\/strong>este viernes. Y fue m\u00e1s all\u00e1: \u201cCuando esa evaluaci\u00f3n muestre que alguno no est\u00e1 a la altura o hayamos cumplido un ciclo y el Presidente considere que hay alguien mejor para desempe\u00f1ar el cargo, ejecutar\u00e1 la decisi\u00f3n que corresponda. Si hay alg\u00fan cambio, se comunicar\u00e1\u201d.<\/p>\n\n\n\n<p><strong>Nicol\u00e1s Posse&nbsp;<\/strong>no es el \u00fanico integrante del Gabinete vinculado a posibles cambios. El Gobierno confirm\u00f3 la incorporaci\u00f3n de<strong>&nbsp;Federico Sturzenegger<\/strong>, aunque mantiene el suspenso sobre el rol que tendr\u00e1.<\/p>\n\n\n\n<p>\u201cSturzenegger es un colaborador fant\u00e1stico, y es razonable que el Presidente lo quiera incorporar al Gabinete, pero no est\u00e1 definido qu\u00e9 posici\u00f3n va a ocupar\u201d, se\u00f1al\u00f3 Adorni. Milei tambi\u00e9n hizo un anuncio en el mismo sentido:&nbsp;<strong>\u201cSer\u00e1 ministro\u201d<\/strong>.<\/p>\n\n\n\n<p>La expectativa est\u00e1 puesta ahora en el discurso que pronunciar\u00e1 el mandatario frente a los cordobeses en la Plaza San Mart\u00edn, mientras se mantiene la incertidumbre sobre el desenlace en la Casa Rosada.<\/p>\n","protected":false},"excerpt":{"rendered":"<p>En medio de tensiones internas, el Presidente\u00a0Javier Mileitiene una agenda cargada este 25 de mayo, fecha en la que esperaba tener aprobada la\u00a0Ley Bases\u00a0y firmar el\u00a0Pacto de Mayo\u00a0con los gobernadores.&hellip; <\/p>\n","protected":false},"author":12,"featured_media":150156,"comment_status":"closed","ping_status":"open","sticky":false,"template":"","format":"standard","meta":{"footnotes":""},"categories":[23,3],"tags":[],"class_list":["post-150147","post","type-post","status-publish","format-standard","has-post-thumbnail","hentry","category-actualidad","category-politica"],"_links":{"self":[{"href":"https:\/\/corrientesdetarde.com\/index.php\/wp-json\/wp\/v2\/posts\/150147","targetHints":{"allow":["GET"]}}],"collection":[{"href":"https:\/\/corrientesdetarde.com\/index.php\/wp-json\/wp\/v2\/posts"}],"about":[{"href":"https:\/\/corrientesdetarde.com\/index.php\/wp-json\/wp\/v2\/types\/post"}],"author":[{"embeddable":true,"href":"https:\/\/corrientesdetarde.com\/index.php\/wp-json\/wp\/v2\/users\/12"}],"replies":[{"embeddable":true,"href":"https:\/\/corrientesdetarde.com\/index.php\/wp-json\/wp\/v2\/comments?post=150147"}],"version-history":[{"count":1,"href":"https:\/\/corrientesdetarde.com\/index.php\/wp-json\/wp\/v2\/posts\/150147\/revisions"}],"predecessor-version":[{"id":150157,"href":"https:\/\/corrientesdetarde.com\/index.php\/wp-json\/wp\/v2\/posts\/150147\/revisions\/150157"}],"wp:featuredmedia":[{"embeddable":true,"href":"https:\/\/corrientesdetarde.com\/index.php\/wp-json\/wp\/v2\/media\/150156"}],"wp:attachment":[{"href":"https:\/\/corrientesdetarde.com\/index.php\/wp-json\/wp\/v2\/media?parent=150147"}],"wp:term":[{"taxonomy":"category","embeddable":true,"href":"https:\/\/corrientesdetarde.com\/index.php\/wp-json\/wp\/v2\/categories?post=150147"},{"taxonomy":"post_tag","embeddable":true,"href":"https:\/\/corrientesdetarde.com\/index.php\/wp-json\/wp\/v2\/tags?post=150147"}],"curies":[{"name":"wp","href":"https:\/\/api.w.org\/{rel}","templated":true}]}}