{"id":150188,"date":"2024-05-25T17:55:55","date_gmt":"2024-05-25T20:55:55","guid":{"rendered":"https:\/\/corrientesdetarde.com\/?p=150188"},"modified":"2024-05-25T17:55:59","modified_gmt":"2024-05-25T20:55:59","slug":"un-municipio-subio-1000-el-peaje-a-las-vacas-y-genero-indignacion-entre-productores","status":"publish","type":"post","link":"https:\/\/corrientesdetarde.com\/index.php\/interior\/un-municipio-subio-1000-el-peaje-a-las-vacas-y-genero-indignacion-entre-productores\/","title":{"rendered":"Un municipio subi\u00f3 1000% el &#8220;peaje a las vacas&#8221; y gener\u00f3 indignaci\u00f3n entre productores"},"content":{"rendered":"\n<p>&#8220;Es un desprop\u00f3sito, burdo y grosero&#8221;. As\u00ed definen desde la Comunidad Islera Asociaci\u00f3n Civil (CIAC) al aumento que aprob\u00f3 el Concejo Deliberante de Victoria, Entre R\u00edos, para el uso de corrales y bretes para carga y descarga de animales.<\/p>\n\n\n\n<p>Para los productores, la ordenanza 4256\/24 implica que la tasa municipal pase de $300 a unos $7000 por cabeza. Si bien reconocen que el valor estaba desactualizado, denuncian que las nuevas condiciones atentan directamente contra el desarrollo de la actividad ganadera en la zona.<\/p>\n\n\n\n<h3 class=\"wp-block-heading\">&#8220;El pa\u00eds que est\u00e1n mirando es el de la recaudaci\u00f3n&#8221;<\/h3>\n\n\n\n<p>&#8220;Cada vez que hay una urgencia o una creciente, los productores sacan la hacienda de las islas m\u00e1s bajas y pasan por la manga del municipio. Pero esa tarifa no se condice en absoluto con el servicio y te destruye el negocio&#8221;, explic\u00f3 en di\u00e1logo con TN Eduardo Grimaux, presidente de la Sociedad Rural de Victoria.<\/p>\n\n\n\n<p>El titular de la entidad detall\u00f3 que en &#8220;marzo se estaba pagando $264 por animal, en abril pas\u00f3 a $300 y ahora a $7000\u2033, y consider\u00f3 que los concejales &#8220;hicieron la ordenanza sin conocimiento&#8221;.<\/p>\n\n\n\n<p>&#8220;El pa\u00eds que est\u00e1n mirando es el de la recaudaci\u00f3n porque el servicio es malo, y encima tienen horarios municipales. Si lleg\u00e1s tarde ten\u00e9s que avisar, o volverte con los animales y pagar de nuevo un flete&#8221;, cont\u00f3.<\/p>\n\n\n\n<figure class=\"wp-block-image\"><img decoding=\"async\" src=\"https:\/\/www.diarioepoca.com\/content\/bucket\/5\/1364565w790h442c.jpg.webp\" alt=\"\"\/><\/figure>\n\n\n\n<p>Al malestar que genera entre los productores este aumento, Grimaux afirma que &#8220;la recaudaci\u00f3n por esta tasa no se consider\u00f3 en el presupuesto pasado, y, por lo tanto, el dinero es de libre disponibilidad&#8221;.<\/p>\n\n\n\n<p>En la ordenanza se detalla que los fondos que paguen los ganaderos &#8220;ser\u00e1n destinados al Programa de Becas Estudiantiles Primarias (30%); gastos operativos y de infraestructura para el mantenimiento de bretes y corrales (30%); y a rentas generales (40%)&#8221;.<\/p>\n\n\n\n<h3 class=\"wp-block-heading\">&#8220;Te vaya como te vaya, no les importa&#8221;<\/h3>\n\n\n\n<p>Leonardo Scarparo, presidente de CIAC, consider\u00f3 que esta suba responde a &#8220;una ideolog\u00eda que va en contra de la propiedad privada y la producci\u00f3n&#8221;. &#8220;Un aumento de 1000% de la tasa es totalmente descolgado de la realidad y vuelve prohibitiva la actividad. Ya hay contratos de pastaje que se est\u00e1n cayendo y todo es por pasar por una manga, porque no hay ning\u00fan tipo de contraprestaci\u00f3n&#8221;, indic\u00f3.<\/p>\n\n\n\n<p>Asegur\u00f3 que &#8220;si hay una inundaci\u00f3n, la manga no sirve&#8221;, y que esta ordenanza &#8220;encarece el costo de transporte en un 50%&#8221; para el ganadero. &#8220;Te vaya como te vaya, no les importa. Los derechos de la propiedad est\u00e1n siendo ninguneados, quedamos en manos de gente que no conoce el proceso productivo y que nos est\u00e1n conduciendo al abandono de la actividad&#8221;, analiz\u00f3 Scarparo.<\/p>\n\n\n\n<p>El titular de CIAC explic\u00f3 que esto no solo afecta a los productores sino a toda la sociedad. &#8220;La carne vale lo que vale porque cada vez hay menos oferta&#8221;, asegur\u00f3.<\/p>\n\n\n\n<p>Mientras rige la ordenanza municipal, productores de la zona advierten que est\u00e1n analizando &#8220;gestionar embarcaderos privados para no caer en la Municipalidad&#8221;.<\/p>\n","protected":false},"excerpt":{"rendered":"<p>&#8220;Es un desprop\u00f3sito, burdo y grosero&#8221;. As\u00ed definen desde la Comunidad Islera Asociaci\u00f3n Civil (CIAC) al aumento que aprob\u00f3 el Concejo Deliberante de Victoria, Entre R\u00edos, para el uso de&hellip; <\/p>\n","protected":false},"author":12,"featured_media":150206,"comment_status":"closed","ping_status":"open","sticky":false,"template":"","format":"standard","meta":{"footnotes":""},"categories":[1658],"tags":[],"class_list":["post-150188","post","type-post","status-publish","format-standard","has-post-thumbnail","hentry","category-interior"],"_links":{"self":[{"href":"https:\/\/corrientesdetarde.com\/index.php\/wp-json\/wp\/v2\/posts\/150188","targetHints":{"allow":["GET"]}}],"collection":[{"href":"https:\/\/corrientesdetarde.com\/index.php\/wp-json\/wp\/v2\/posts"}],"about":[{"href":"https:\/\/corrientesdetarde.com\/index.php\/wp-json\/wp\/v2\/types\/post"}],"author":[{"embeddable":true,"href":"https:\/\/corrientesdetarde.com\/index.php\/wp-json\/wp\/v2\/users\/12"}],"replies":[{"embeddable":true,"href":"https:\/\/corrientesdetarde.com\/index.php\/wp-json\/wp\/v2\/comments?post=150188"}],"version-history":[{"count":1,"href":"https:\/\/corrientesdetarde.com\/index.php\/wp-json\/wp\/v2\/posts\/150188\/revisions"}],"predecessor-version":[{"id":150207,"href":"https:\/\/corrientesdetarde.com\/index.php\/wp-json\/wp\/v2\/posts\/150188\/revisions\/150207"}],"wp:featuredmedia":[{"embeddable":true,"href":"https:\/\/corrientesdetarde.com\/index.php\/wp-json\/wp\/v2\/media\/150206"}],"wp:attachment":[{"href":"https:\/\/corrientesdetarde.com\/index.php\/wp-json\/wp\/v2\/media?parent=150188"}],"wp:term":[{"taxonomy":"category","embeddable":true,"href":"https:\/\/corrientesdetarde.com\/index.php\/wp-json\/wp\/v2\/categories?post=150188"},{"taxonomy":"post_tag","embeddable":true,"href":"https:\/\/corrientesdetarde.com\/index.php\/wp-json\/wp\/v2\/tags?post=150188"}],"curies":[{"name":"wp","href":"https:\/\/api.w.org\/{rel}","templated":true}]}}