{"id":150190,"date":"2024-05-25T17:52:45","date_gmt":"2024-05-25T20:52:45","guid":{"rendered":"https:\/\/corrientesdetarde.com\/?p=150190"},"modified":"2024-05-25T17:53:25","modified_gmt":"2024-05-25T20:53:25","slug":"un-muerto-y-dos-heridos-en-un-choque-frontal-en-ruta-del-interior-de-corrientes","status":"publish","type":"post","link":"https:\/\/corrientesdetarde.com\/index.php\/interior\/un-muerto-y-dos-heridos-en-un-choque-frontal-en-ruta-del-interior-de-corrientes\/","title":{"rendered":"Un muerto y dos heridos en un choque frontal en ruta del interior de Corrientes"},"content":{"rendered":"\n<p>Los veh\u00edculos chocaron de frente: un cami\u00f3n marca Iveco con semi remolque y un autom\u00f3vil marca Volkswagen, modelo Gol. Como consecuencia del violento impacto muri\u00f3 en el lugar el conductor del autom\u00f3vil, y otros dos acompa\u00f1antes de este resultaron lesionados. En tanto, el chofer del transporte de cargo sali\u00f3 ileso.<\/p>\n\n\n\n<p><br>Una de las hip\u00f3tesis que se investiga se\u00f1ala que el conductor del autom\u00f3vil se habr\u00eda dormido al volante por lo que se cruz\u00f3 de carril, adem\u00e1s que en la zona hay escasa visibilidad de noche.<\/p>\n\n\n\n<p>El cami\u00f3n circulaba en sentido Norte-Sur hacia la provincia de Buenos Aires, en tanto que el autom\u00f3vil, iba de Sur a Norte hacia el Paraguay.<\/p>\n","protected":false},"excerpt":{"rendered":"<p>Los veh\u00edculos chocaron de frente: un cami\u00f3n marca Iveco con semi remolque y un autom\u00f3vil marca Volkswagen, modelo Gol. Como consecuencia del violento impacto muri\u00f3 en el lugar el conductor&hellip; <\/p>\n","protected":false},"author":12,"featured_media":150200,"comment_status":"closed","ping_status":"open","sticky":false,"template":"","format":"standard","meta":{"footnotes":""},"categories":[1658],"tags":[],"class_list":["post-150190","post","type-post","status-publish","format-standard","has-post-thumbnail","hentry","category-interior"],"_links":{"self":[{"href":"https:\/\/corrientesdetarde.com\/index.php\/wp-json\/wp\/v2\/posts\/150190","targetHints":{"allow":["GET"]}}],"collection":[{"href":"https:\/\/corrientesdetarde.com\/index.php\/wp-json\/wp\/v2\/posts"}],"about":[{"href":"https:\/\/corrientesdetarde.com\/index.php\/wp-json\/wp\/v2\/types\/post"}],"author":[{"embeddable":true,"href":"https:\/\/corrientesdetarde.com\/index.php\/wp-json\/wp\/v2\/users\/12"}],"replies":[{"embeddable":true,"href":"https:\/\/corrientesdetarde.com\/index.php\/wp-json\/wp\/v2\/comments?post=150190"}],"version-history":[{"count":3,"href":"https:\/\/corrientesdetarde.com\/index.php\/wp-json\/wp\/v2\/posts\/150190\/revisions"}],"predecessor-version":[{"id":150203,"href":"https:\/\/corrientesdetarde.com\/index.php\/wp-json\/wp\/v2\/posts\/150190\/revisions\/150203"}],"wp:featuredmedia":[{"embeddable":true,"href":"https:\/\/corrientesdetarde.com\/index.php\/wp-json\/wp\/v2\/media\/150200"}],"wp:attachment":[{"href":"https:\/\/corrientesdetarde.com\/index.php\/wp-json\/wp\/v2\/media?parent=150190"}],"wp:term":[{"taxonomy":"category","embeddable":true,"href":"https:\/\/corrientesdetarde.com\/index.php\/wp-json\/wp\/v2\/categories?post=150190"},{"taxonomy":"post_tag","embeddable":true,"href":"https:\/\/corrientesdetarde.com\/index.php\/wp-json\/wp\/v2\/tags?post=150190"}],"curies":[{"name":"wp","href":"https:\/\/api.w.org\/{rel}","templated":true}]}}