{"id":150658,"date":"2024-05-27T22:30:22","date_gmt":"2024-05-28T01:30:22","guid":{"rendered":"https:\/\/corrientesdetarde.com\/?p=150658"},"modified":"2024-05-27T22:30:26","modified_gmt":"2024-05-28T01:30:26","slug":"formosa-otorgo-un-27-de-aumento-a-estatales-en-mayo-con-desembolso-del-tesoro","status":"publish","type":"post","link":"https:\/\/corrientesdetarde.com\/index.php\/politica\/formosa-otorgo-un-27-de-aumento-a-estatales-en-mayo-con-desembolso-del-tesoro\/","title":{"rendered":"Formosa otorg\u00f3 un 27% de aumento a estatales en mayo con desembolso del Tesoro"},"content":{"rendered":"\n<p>Con esta suma, se lleg\u00f3 a un crecimiento salarial acumulado del 52 por ciento en 2024.<\/p>\n\n\n\n<p>El gobierno de Formosa, que encabeza&nbsp;<strong>Gildo Insfr\u00e1n,<\/strong>&nbsp;otorg\u00f3 en el mes de mayo un incremento&nbsp;<strong>salarial del 27 por ciento,<\/strong>&nbsp;para el que realiz\u00f3 un desembolso de $40.000 millones del Tesoro Provincial.<\/p>\n\n\n\n<p>Los aumentos fueron para el personal de la administraci\u00f3n p\u00fablica, las entidades educativas del sector privado y el sistema previsional.<\/p>\n\n\n\n<p>En medio de un contexto complejo para las provincias por la ca\u00edda de la recaudaci\u00f3n y los recortes de las partidas nacionales,&nbsp;<strong>Formosa confirm\u00f3 un sueldo m\u00ednimo de bolsillo equivalente a $350.000.<\/strong><\/p>\n\n\n\n<p>El distrito asegur\u00f3 que estos incrementos ser\u00e1n sostenibles y se destac\u00f3 que no recurri\u00f3 al endeudamiento.&nbsp;<\/p>\n\n\n\n<p>El Estado formose\u00f1o otorg\u00f3 en mayo de este a\u00f1o un 27 por ciento de aumento en los haberes de los agentes activos y pasivos de la Administraci\u00f3n P\u00fablica Provincial,<strong>&nbsp;lo que represent\u00f3 un crecimiento salarial acumulado del 52 por ciento en lo que va del 2024.&nbsp;<\/strong><\/p>\n\n\n\n<p>Esta medida comprendi\u00f3 tambi\u00e9n a las jubilaciones y pensiones habilitadas por la Caja de Previsi\u00f3n Social, al escalaf\u00f3n docente y a las asignaciones familiares.&nbsp;<\/p>\n\n\n\n<p>Adem\u00e1s, debido a la suspensi\u00f3n total de los env\u00edos por parte del gobierno de Javier Milei, el m\u00e1ximo mandatario local decidi\u00f3 hacerse cargo de forma permanente de los rubros del personal docente como el Fondo Nacional de Incentivo Docente (FONID) y el \u00edtem Conectividad.&nbsp;<\/p>\n\n\n\n<p>De esta manera, Formosa evit\u00f3 un sustancial perjuicio a los ingresos de los integrantes del Sector Educativo.&nbsp;<\/p>\n\n\n\n<p>Esta pol\u00edtica salarial adoptada por Insfr\u00e1n signific\u00f3 para el Servicio del Tesoro local, en t\u00e9rminos acumulados durante el presente ejercicio, un desembolso superior a los $125.000 millones, que se financiaron \u00edntegramente con Recursos Corrientes del Presupuesto Provincial.<\/p>\n","protected":false},"excerpt":{"rendered":"<p>Con esta suma, se lleg\u00f3 a un crecimiento salarial acumulado del 52 por ciento en 2024. El gobierno de Formosa, que encabeza&nbsp;Gildo Insfr\u00e1n,&nbsp;otorg\u00f3 en el mes de mayo un incremento&nbsp;salarial&hellip; <\/p>\n","protected":false},"author":4,"featured_media":150659,"comment_status":"closed","ping_status":"open","sticky":false,"template":"","format":"standard","meta":{"footnotes":""},"categories":[3],"tags":[],"class_list":["post-150658","post","type-post","status-publish","format-standard","has-post-thumbnail","hentry","category-politica"],"_links":{"self":[{"href":"https:\/\/corrientesdetarde.com\/index.php\/wp-json\/wp\/v2\/posts\/150658","targetHints":{"allow":["GET"]}}],"collection":[{"href":"https:\/\/corrientesdetarde.com\/index.php\/wp-json\/wp\/v2\/posts"}],"about":[{"href":"https:\/\/corrientesdetarde.com\/index.php\/wp-json\/wp\/v2\/types\/post"}],"author":[{"embeddable":true,"href":"https:\/\/corrientesdetarde.com\/index.php\/wp-json\/wp\/v2\/users\/4"}],"replies":[{"embeddable":true,"href":"https:\/\/corrientesdetarde.com\/index.php\/wp-json\/wp\/v2\/comments?post=150658"}],"version-history":[{"count":1,"href":"https:\/\/corrientesdetarde.com\/index.php\/wp-json\/wp\/v2\/posts\/150658\/revisions"}],"predecessor-version":[{"id":150660,"href":"https:\/\/corrientesdetarde.com\/index.php\/wp-json\/wp\/v2\/posts\/150658\/revisions\/150660"}],"wp:featuredmedia":[{"embeddable":true,"href":"https:\/\/corrientesdetarde.com\/index.php\/wp-json\/wp\/v2\/media\/150659"}],"wp:attachment":[{"href":"https:\/\/corrientesdetarde.com\/index.php\/wp-json\/wp\/v2\/media?parent=150658"}],"wp:term":[{"taxonomy":"category","embeddable":true,"href":"https:\/\/corrientesdetarde.com\/index.php\/wp-json\/wp\/v2\/categories?post=150658"},{"taxonomy":"post_tag","embeddable":true,"href":"https:\/\/corrientesdetarde.com\/index.php\/wp-json\/wp\/v2\/tags?post=150658"}],"curies":[{"name":"wp","href":"https:\/\/api.w.org\/{rel}","templated":true}]}}