{"id":150661,"date":"2024-05-27T22:43:36","date_gmt":"2024-05-28T01:43:36","guid":{"rendered":"https:\/\/corrientesdetarde.com\/?p=150661"},"modified":"2024-05-27T22:43:39","modified_gmt":"2024-05-28T01:43:39","slug":"martin-menem-recibio-a-parlamentarios-de-estados-unidos","status":"publish","type":"post","link":"https:\/\/corrientesdetarde.com\/index.php\/politica\/martin-menem-recibio-a-parlamentarios-de-estados-unidos\/","title":{"rendered":"Mart\u00edn Menem recibi\u00f3 a parlamentarios de Estados Unidos"},"content":{"rendered":"\n<p>El presidente de la C\u00e1mara de Diputados mantuvo una reuni\u00f3n con eje en temas de Defensa con los integrantes de la comisi\u00f3n de Servicios Armados de la C\u00e1mara de Representantes norteamericana.<\/p>\n\n\n\n<p>El presidente de la C\u00e1mara de Diputados, Mart\u00edn Menem, recibi\u00f3 hoy a los integrantes de la comisi\u00f3n de Servicios Armados de la C\u00e1mara de Representantes estadounidense, con los que charl\u00f3 principalmente sobre temas de Defensa.<\/p>\n\n\n\n<p>La delegaci\u00f3n norteamericana, presidida por&nbsp;<strong>Mike Rogers<\/strong>, fue recibida en el Sal\u00f3n de Honor del Palacio Legislativo, y participaron del encuentro diputados de distintas fuerzas pol\u00edticas que integran el Grupo Parlamentario de Amistad con EEUU como&nbsp;<strong>Juliana Santill\u00e1n<\/strong>&nbsp;(La Libertad Avanza),<strong>&nbsp;Juan Manuel L\u00f3pez&nbsp;<\/strong>(Coalici\u00f3n C\u00edvica) y&nbsp;<strong>Ricardo L\u00f3pez Murphy<\/strong>&nbsp;(Hacemos Coalici\u00f3n Federal).<\/p>\n\n\n\n<p>Tambi\u00e9n participaron los diputados&nbsp;<strong>Lorena Villaverde<\/strong>&nbsp;y&nbsp;<strong>Bertie Benegas Lynch<\/strong>&nbsp;(LLA);&nbsp;<strong>Dami\u00e1n Arabia<\/strong>&nbsp;(PRO) y&nbsp;<strong>\u00d3scar Agost Carre\u00f1o<\/strong>&nbsp;(HCF).<\/p>\n\n\n\n<p>La comitiva norteamericana estuvo integrada por los miembros de la C\u00e1mara de Representantes \u2060<strong>Terri Sewell, Jerry Carl, Scott Dasjarlais, Dale Strong, Taryn Woody, Tracy Manzer;<\/strong>&nbsp;adem\u00e1s del consejero de la embajada de Estados Unidos,&nbsp;<strong>Robert Allison<\/strong>; la agregada diplom\u00e1tica,&nbsp;<strong>Caitlin O\u2019Rourke;<\/strong>&nbsp;y el agregado de defensa,&nbsp;<strong>Steven Winkleman<\/strong>.<\/p>\n\n\n\n<p>Durante la reuni\u00f3n,<strong>&nbsp;Menem expres\u00f3 que \u201cArgentina vive un per\u00edodo de renovaci\u00f3n y apertura internacional \u00fanico con la gesti\u00f3n de nuestro presidente (Javier Milei), y cada vez cobra m\u00e1s fuerza e importancia la diplomacia parlamentaria\u201d.&nbsp;<\/strong><\/p>\n\n\n\n<p>&#8220;Esta agenda de cooperaci\u00f3n mutua revela nuestra voluntad institucionalizada de continuar profundizando la convergencia estrat\u00e9gica de nuestros pa\u00edses\u201d, agreg\u00f3 el riojano.<\/p>\n\n\n\n<p><strong>Menem explic\u00f3 que \u201cArgentina mantiene una relaci\u00f3n de cooperaci\u00f3n hist\u00f3rica con Estados Unidos en diferentes \u00e1reas como formaci\u00f3n militar, equipamiento y log\u00edstica\u201d, y expres\u00f3 la vocaci\u00f3n de \u201davanzar en acciones concretas que beneficien a ambos pa\u00edses\u201d.<\/strong><\/p>\n\n\n\n<p>\u201cArgentina mantiene una relaci\u00f3n con EE.UU. en diferentes \u00e1reas de defensa y tiene grandes desaf\u00edos en materia de inteligencia artificial, temas nucleares y espaciales\u201d, concluy\u00f3 el titular de la C\u00e1mara baja.&nbsp;<\/p>\n\n\n\n<p><strong>Santill\u00e1n,<\/strong>&nbsp;que es<strong>&nbsp;<\/strong>vicepresidenta segunda de la Comisi\u00f3n de Relaciones Exteriores y Culto, agradeci\u00f3 el encuentro y defini\u00f3 que &#8220;estos \u00e1mbitos de cooperaci\u00f3n son de vital importancia\u201d.&nbsp;<\/p>\n\n\n\n<p>\u201cNuestro pa\u00eds ha reiterado en m\u00faltiples oportunidades su compromiso con la paz y con la seguridad internacional\u201d, manifest\u00f3.<\/p>\n\n\n\n<p>Por su parte,&nbsp;<strong>L\u00f3pez<\/strong>&nbsp;catalog\u00f3&nbsp;como \u201cmuy importantes\u201d las relaciones entre ambos pa\u00edses y celebr\u00f3 que \u201ccada vez sean m\u00e1s profundas\u201d.<\/p>\n\n\n\n<p>En la misma frecuencia,&nbsp;<strong>L\u00f3pez Murphy<\/strong>&nbsp;destac\u00f3&nbsp;\u201cla cooperaci\u00f3n entre pa\u00edses\u201d y se\u00f1al\u00f3 que \u201cen todos nosotros hay un compromiso muy fuerte con la libertad, con la pluralidad y con las sociedades abiertas\u201d.<\/p>\n","protected":false},"excerpt":{"rendered":"<p>El presidente de la C\u00e1mara de Diputados mantuvo una reuni\u00f3n con eje en temas de Defensa con los integrantes de la comisi\u00f3n de Servicios Armados de la C\u00e1mara de Representantes&hellip; <\/p>\n","protected":false},"author":4,"featured_media":150662,"comment_status":"closed","ping_status":"open","sticky":false,"template":"","format":"standard","meta":{"footnotes":""},"categories":[3],"tags":[],"class_list":["post-150661","post","type-post","status-publish","format-standard","has-post-thumbnail","hentry","category-politica"],"_links":{"self":[{"href":"https:\/\/corrientesdetarde.com\/index.php\/wp-json\/wp\/v2\/posts\/150661","targetHints":{"allow":["GET"]}}],"collection":[{"href":"https:\/\/corrientesdetarde.com\/index.php\/wp-json\/wp\/v2\/posts"}],"about":[{"href":"https:\/\/corrientesdetarde.com\/index.php\/wp-json\/wp\/v2\/types\/post"}],"author":[{"embeddable":true,"href":"https:\/\/corrientesdetarde.com\/index.php\/wp-json\/wp\/v2\/users\/4"}],"replies":[{"embeddable":true,"href":"https:\/\/corrientesdetarde.com\/index.php\/wp-json\/wp\/v2\/comments?post=150661"}],"version-history":[{"count":1,"href":"https:\/\/corrientesdetarde.com\/index.php\/wp-json\/wp\/v2\/posts\/150661\/revisions"}],"predecessor-version":[{"id":150663,"href":"https:\/\/corrientesdetarde.com\/index.php\/wp-json\/wp\/v2\/posts\/150661\/revisions\/150663"}],"wp:featuredmedia":[{"embeddable":true,"href":"https:\/\/corrientesdetarde.com\/index.php\/wp-json\/wp\/v2\/media\/150662"}],"wp:attachment":[{"href":"https:\/\/corrientesdetarde.com\/index.php\/wp-json\/wp\/v2\/media?parent=150661"}],"wp:term":[{"taxonomy":"category","embeddable":true,"href":"https:\/\/corrientesdetarde.com\/index.php\/wp-json\/wp\/v2\/categories?post=150661"},{"taxonomy":"post_tag","embeddable":true,"href":"https:\/\/corrientesdetarde.com\/index.php\/wp-json\/wp\/v2\/tags?post=150661"}],"curies":[{"name":"wp","href":"https:\/\/api.w.org\/{rel}","templated":true}]}}