{"id":150671,"date":"2024-05-27T23:01:15","date_gmt":"2024-05-28T02:01:15","guid":{"rendered":"https:\/\/corrientesdetarde.com\/?p=150671"},"modified":"2024-05-27T23:01:18","modified_gmt":"2024-05-28T02:01:18","slug":"cardozo-insto-a-las-embarazadas-a-vacunarse-contra-el-virus-sincicial-respiratorio-y-la-antigripal","status":"publish","type":"post","link":"https:\/\/corrientesdetarde.com\/index.php\/bienestar-y-salud\/cardozo-insto-a-las-embarazadas-a-vacunarse-contra-el-virus-sincicial-respiratorio-y-la-antigripal\/","title":{"rendered":"Cardozo inst\u00f3 a las embarazadas a vacunarse contra el Virus Sincicial Respiratorio y la Antigripal"},"content":{"rendered":"\n<p><em>&#8220;Es importante, y m\u00e1s ahora con las bajas temperaturas, que las personas gestantes concurran a nuestros vacunatorios y reciban las dosis correspondientes&#8221;, dijo el ministro Ricardo Cardozo.<\/em><\/p>\n\n\n\n<p>El ministro de Salud P\u00fablica de la Provincia, Ricardo Cardozo, inst\u00f3 a las embarazadas a vacunarse contra el Virus Sincicial Respiratorio (VSR) y con la Antigripal.<\/p>\n\n\n\n<p>&#8220;Es importante, y m\u00e1s ahora con las bajas temperaturas, que las personas gestantes concurran a nuestros vacunatorios y reciban las dosis correspondientes&#8221;, dijo el ministro&nbsp;<strong>Ricardo Cardozo<\/strong>&nbsp;y remarc\u00f3 que se trata de vacunas que est\u00e1n dentro del Calendario Regular de Vacunaci\u00f3n y que &#8220;la eficacia de tales dosis est\u00e1 cient\u00edficamente comprobada&#8221;.<\/p>\n\n\n\n<p>En el caso de la VSR, es una vacuna para personas gestantes con el objetivo de proporcionar, a trav\u00e9s del pasaje transplacentario de anticuerpos, protecci\u00f3n contra la bronquiolitis durante los primeros seis meses de vida, que es el momento de mayor vulnerabilidad para padecer cuadros severos por la infecci\u00f3n por este virus. Se aplica a embarazadas entre las semanas 32 y 36 de gestaci\u00f3n con el objetivo de proteger contra la bronquiolitis a reci\u00e9n nacidos durante los primeros seis meses de vida.<\/p>\n\n\n\n<p>El Virus Sincicial Respiratorio es la causa principal de infecciones respiratorias agudas bajas en la infancia y en particular en lactantes menores a un a\u00f1o. Tambi\u00e9n provoca aumento de hospitalizaciones, con eventuales complicaciones con requerimientos de cuidados cr\u00edticos y elevado nivel de consulta ambulatoria en la \u00e9poca invernal.<\/p>\n\n\n\n<p>La incorporaci\u00f3n de la vacuna contra el VSR para embarazadas al CNV contribuye al descenso de la mortalidad infantil neonatal y postneonatal en el pa\u00eds, al reducir la infecci\u00f3n por este virus de ni\u00f1os menores de seis meses. Asimismo, contribuye a disminuir los altos porcentajes de ocupaci\u00f3n en salas de internaci\u00f3n general, camas de terapia intensiva pedi\u00e1trica y neonatal causados por el virus, as\u00ed como el consiguiente incremento en los costos del sistema de salud.<\/p>\n\n\n\n<p>En tanto, la vacuna antigripal est\u00e1 disponible para embarazadas en cualquier mes de gestaci\u00f3n, pu\u00e9rperas: hasta 10 d\u00edas despu\u00e9s del parto, si no la recibieron durante el embarazo. Adem\u00e1s, esta vacuna tambi\u00e9n se aplica a personal de la salud, ni\u00f1os de 6 a 24 meses: deben recibir dos dosis separadas por al menos 4 semanas, ni\u00f1os y adultos de 2 a\u00f1os a 64 a\u00f1os con enfermedades: respiratorias, card\u00edacas, inmunodeficiencias cong\u00e9nitas o adquiridas, pacientes oncohematol\u00f3gicos y trasplantados; personas con obesidad, diab\u00e9ticos, y personas con insuficiencia renal cr\u00f3nica en di\u00e1lisis: deber\u00e1n presentar orden m\u00e9dica que acredite dicha condici\u00f3n y las personas mayores de 65 a\u00f1os.<\/p>\n","protected":false},"excerpt":{"rendered":"<p>&#8220;Es importante, y m\u00e1s ahora con las bajas temperaturas, que las personas gestantes concurran a nuestros vacunatorios y reciban las dosis correspondientes&#8221;, dijo el ministro Ricardo Cardozo. El ministro de&hellip; <\/p>\n","protected":false},"author":4,"featured_media":150672,"comment_status":"closed","ping_status":"open","sticky":false,"template":"","format":"standard","meta":{"footnotes":""},"categories":[16,17],"tags":[],"class_list":["post-150671","post","type-post","status-publish","format-standard","has-post-thumbnail","hentry","category-bienestar-y-salud","category-sociales"],"_links":{"self":[{"href":"https:\/\/corrientesdetarde.com\/index.php\/wp-json\/wp\/v2\/posts\/150671","targetHints":{"allow":["GET"]}}],"collection":[{"href":"https:\/\/corrientesdetarde.com\/index.php\/wp-json\/wp\/v2\/posts"}],"about":[{"href":"https:\/\/corrientesdetarde.com\/index.php\/wp-json\/wp\/v2\/types\/post"}],"author":[{"embeddable":true,"href":"https:\/\/corrientesdetarde.com\/index.php\/wp-json\/wp\/v2\/users\/4"}],"replies":[{"embeddable":true,"href":"https:\/\/corrientesdetarde.com\/index.php\/wp-json\/wp\/v2\/comments?post=150671"}],"version-history":[{"count":1,"href":"https:\/\/corrientesdetarde.com\/index.php\/wp-json\/wp\/v2\/posts\/150671\/revisions"}],"predecessor-version":[{"id":150673,"href":"https:\/\/corrientesdetarde.com\/index.php\/wp-json\/wp\/v2\/posts\/150671\/revisions\/150673"}],"wp:featuredmedia":[{"embeddable":true,"href":"https:\/\/corrientesdetarde.com\/index.php\/wp-json\/wp\/v2\/media\/150672"}],"wp:attachment":[{"href":"https:\/\/corrientesdetarde.com\/index.php\/wp-json\/wp\/v2\/media?parent=150671"}],"wp:term":[{"taxonomy":"category","embeddable":true,"href":"https:\/\/corrientesdetarde.com\/index.php\/wp-json\/wp\/v2\/categories?post=150671"},{"taxonomy":"post_tag","embeddable":true,"href":"https:\/\/corrientesdetarde.com\/index.php\/wp-json\/wp\/v2\/tags?post=150671"}],"curies":[{"name":"wp","href":"https:\/\/api.w.org\/{rel}","templated":true}]}}