{"id":150789,"date":"2024-05-28T11:23:05","date_gmt":"2024-05-28T14:23:05","guid":{"rendered":"https:\/\/corrientesdetarde.com\/?p=150789"},"modified":"2024-05-28T12:20:59","modified_gmt":"2024-05-28T15:20:59","slug":"presupuesto-universitario-se-comienzan-a-atender-los-reclamos","status":"publish","type":"post","link":"https:\/\/corrientesdetarde.com\/index.php\/educacion\/presupuesto-universitario-se-comienzan-a-atender-los-reclamos\/","title":{"rendered":"PRESUPUESTO UNIVERSITARIO: \u201cSE COMIENZAN A ATENDER LOS RECLAMOS\u201d"},"content":{"rendered":"\n<p>Anoche termin\u00f3 la reuni\u00f3n entre representantes del Consejo Interuniversitario Nacional (CIN) y autoridades del Gobierno Nacional, donde se confirm\u00f3 la propuesta oficial de elevar en un 270 por ciento los gastos de funcionamiento de las universidades nacionales a pagar durante el a\u00f1o.&nbsp;<\/p>\n\n\n\n<p>De parte del gobierno, particip\u00f3 el secretario de Educaci\u00f3n de la Naci\u00f3n, Carlos Torrendell, el subsecretario de Pol\u00edticas Universitarias, Alejandro \u00c1lvarez; y en representaci\u00f3n del CIN estuvieron el presidente V\u00edctor Mori\u00f1igo (rector de la Universidad Nacional de San Luis), y el vice, Oscar Alpa (Universidad Nacional de La Pampa).<\/p>\n\n\n\n<p>El Comit\u00e9 Ejecutivo del CIN se reuni\u00f3 luego para analizar los resultados del encuentro, y se emiti\u00f3 un comunicado en el que destacan que con la propuesta \u201cse comienzan a atender los reclamos\u201d que sostienen desde principios de a\u00f1o y que motivaron la multitudinaria manifestaci\u00f3n nacional en defensa de la educaci\u00f3n p\u00fablica el pasado 23 de abril. Tambi\u00e9n se acordaron mesas de trabajo para los dem\u00e1s puntos pendientes como situaci\u00f3n salarial docente y nodocente, programas de becas y asistencia estudiantil, obras universitarias suspendidas y situaci\u00f3n del sistema cient\u00edfico tecnol\u00f3gico, entre otros. El rector de la Universidad Nacional del Nordeste (UNNE), Omar Larroza particip\u00f3, en su calidad de integrante del mencionado Comit\u00e9, de manera on line.<\/p>\n\n\n\n<p>El martes 28 de mayo se retoma la negociaci\u00f3n con gremios docentes y no docentes por la actualizaci\u00f3n salarial.<\/p>\n\n\n\n<p>A continuaci\u00f3n el comunicado completo del CIN:<\/p>\n\n\n\n<p>El Comit\u00e9 Ejecutivo ampliado del Consejo Interuniversitario Nacional (CIN), reunido el 27 de mayo a los efectos de analizar el resultado de la reuni\u00f3n con las autoridades nacionales, manifiesta:<\/p>\n\n\n\n<p>1. Las propuestas trasladadas el d\u00eda de hoy por el Gobierno nacional comienzan a atender los reclamos que sostenemos desde principios de a\u00f1o el conjunto de las universidades p\u00fablicas del pa\u00eds, agenda que diera origen a la extraordinaria manifestaci\u00f3n del pasado 23 de abril.<\/p>\n\n\n\n<p>2. En el marco de dicho encuentro, el Gobierno nacional confirm\u00f3 un ajuste por inflaci\u00f3n del<\/p>\n\n\n\n<p>270 % para gastos de funcionamiento con el consecuente cronograma de pagos hasta fin de a\u00f1o.<\/p>\n\n\n\n<p>3. Se acord\u00f3 establecer mesas de trabajo para los siguientes temas que se encuentran a\u00fan<\/p>\n\n\n\n<p>pendientes de resoluci\u00f3n:<\/p>\n\n\n\n<p>\u00b7 Resoluciones 2023 pendientes de pago y asignaci\u00f3n de fondos de ejecuci\u00f3n 2024 para<\/p>\n\n\n\n<p>programas con financiamiento espec\u00edfico denominados bajo la l\u00ednea.<\/p>\n\n\n\n<p>\u00b7 Obras universitarias suspendidas.<\/p>\n\n\n\n<p>\u00b7 C\u00e1lculo de presupuesto universitario 2025.<\/p>\n\n\n\n<p>\u00b7 Programas de becas y asistencia estudiantil.<\/p>\n\n\n\n<p>\u00b7 Situaci\u00f3n del sistema cient\u00edfico tecnol\u00f3gico y coordinaci\u00f3n con las universidades nacionales.<\/p>\n\n\n\n<p>\u00b7 Monitoreo de la situaci\u00f3n salarial docente y nodocente.<\/p>\n\n\n\n<p>\u00b7 Monitoreo de la ejecuci\u00f3n de los fondos.<\/p>\n\n\n\n<p>\u00b7 Otros temas de inter\u00e9s del Gobierno que son el Art. 33 de la Ley de Educaci\u00f3n Superior, las medidas de transparencia y de rendici\u00f3n de cuentas de las universidades y el programa de alfabetizaci\u00f3n.<\/p>\n\n\n\n<p>El Comit\u00e9 Ejecutivo ampliado encomienda a los Sres. Presidente y Vicepresidente del CIN el monitoreo y el control de los avances de las mesas de trabajo de manera que permitan avanzar en soluciones que otorguen previsibilidad al sistema universitario para planificar lo que resta del a\u00f1o.<\/p>\n\n\n\n<p>Reiteramos nuestro agradecimiento a la sociedad argentina por su masivo y conmovedor<\/p>\n\n\n\n<p>acompa\u00f1amiento en defensa de la universidad p\u00fablica que ha permitido comenzar a encontrar un principio de soluci\u00f3n para la grave situaci\u00f3n presupuestaria del sistema p\u00fablico universitario a la que nunca debimos haber llegado. Este Consejo seguir\u00e1 trabajando en unidad por la fortaleza del sistema, con el convencimiento del rol transformador de la universidad p\u00fablica y de que los problemas estructurales del pa\u00eds se resuelven con m\u00e1s y mejor educaci\u00f3n, con formaci\u00f3n universitaria p\u00fablica de excelencia y con un sistema cient\u00edfico al servicio del desarrollo de la Naci\u00f3n.<\/p>\n\n\n\n<figure class=\"wp-block-gallery has-nested-images columns-default is-cropped wp-block-gallery-1 is-layout-flex wp-block-gallery-is-layout-flex\">\n<figure class=\"wp-block-image size-large\"><img loading=\"lazy\" decoding=\"async\" width=\"250\" height=\"103\" data-id=\"150797\" src=\"https:\/\/corrientesdetarde.com\/wp-content\/uploads\/2024\/05\/983132_tb-1.jpg\" alt=\"\" class=\"wp-image-150797\"\/><\/figure>\n\n\n\n<figure class=\"wp-block-image size-full\"><img loading=\"lazy\" decoding=\"async\" width=\"1000\" height=\"575\" data-id=\"150798\" src=\"https:\/\/corrientesdetarde.com\/wp-content\/uploads\/2024\/05\/922589_grande.jpg\" alt=\"\" class=\"wp-image-150798\" srcset=\"https:\/\/corrientesdetarde.com\/wp-content\/uploads\/2024\/05\/922589_grande.jpg 1000w, https:\/\/corrientesdetarde.com\/wp-content\/uploads\/2024\/05\/922589_grande-300x173.jpg 300w, https:\/\/corrientesdetarde.com\/wp-content\/uploads\/2024\/05\/922589_grande-768x442.jpg 768w\" sizes=\"auto, (max-width: 1000px) 100vw, 1000px\" \/><\/figure>\n<\/figure>\n","protected":false},"excerpt":{"rendered":"<p>Anoche termin\u00f3 la reuni\u00f3n entre representantes del Consejo Interuniversitario Nacional (CIN) y autoridades del Gobierno Nacional, donde se confirm\u00f3 la propuesta oficial de elevar en un 270 por ciento los&hellip; <\/p>\n","protected":false},"author":12,"featured_media":150815,"comment_status":"closed","ping_status":"open","sticky":false,"template":"","format":"standard","meta":{"footnotes":""},"categories":[32],"tags":[],"class_list":["post-150789","post","type-post","status-publish","format-standard","has-post-thumbnail","hentry","category-educacion"],"_links":{"self":[{"href":"https:\/\/corrientesdetarde.com\/index.php\/wp-json\/wp\/v2\/posts\/150789","targetHints":{"allow":["GET"]}}],"collection":[{"href":"https:\/\/corrientesdetarde.com\/index.php\/wp-json\/wp\/v2\/posts"}],"about":[{"href":"https:\/\/corrientesdetarde.com\/index.php\/wp-json\/wp\/v2\/types\/post"}],"author":[{"embeddable":true,"href":"https:\/\/corrientesdetarde.com\/index.php\/wp-json\/wp\/v2\/users\/12"}],"replies":[{"embeddable":true,"href":"https:\/\/corrientesdetarde.com\/index.php\/wp-json\/wp\/v2\/comments?post=150789"}],"version-history":[{"count":1,"href":"https:\/\/corrientesdetarde.com\/index.php\/wp-json\/wp\/v2\/posts\/150789\/revisions"}],"predecessor-version":[{"id":150799,"href":"https:\/\/corrientesdetarde.com\/index.php\/wp-json\/wp\/v2\/posts\/150789\/revisions\/150799"}],"wp:featuredmedia":[{"embeddable":true,"href":"https:\/\/corrientesdetarde.com\/index.php\/wp-json\/wp\/v2\/media\/150815"}],"wp:attachment":[{"href":"https:\/\/corrientesdetarde.com\/index.php\/wp-json\/wp\/v2\/media?parent=150789"}],"wp:term":[{"taxonomy":"category","embeddable":true,"href":"https:\/\/corrientesdetarde.com\/index.php\/wp-json\/wp\/v2\/categories?post=150789"},{"taxonomy":"post_tag","embeddable":true,"href":"https:\/\/corrientesdetarde.com\/index.php\/wp-json\/wp\/v2\/tags?post=150789"}],"curies":[{"name":"wp","href":"https:\/\/api.w.org\/{rel}","templated":true}]}}