{"id":151127,"date":"2024-05-29T14:20:08","date_gmt":"2024-05-29T17:20:08","guid":{"rendered":"https:\/\/corrientesdetarde.com\/?p=151127"},"modified":"2024-05-29T14:20:13","modified_gmt":"2024-05-29T17:20:13","slug":"salud-brega-por-la-normalizacion-de-la-asistencia-nacional-a-discapacidad","status":"publish","type":"post","link":"https:\/\/corrientesdetarde.com\/index.php\/bienestar-y-salud\/salud-brega-por-la-normalizacion-de-la-asistencia-nacional-a-discapacidad\/","title":{"rendered":"Salud brega por la normalizaci\u00f3n de la asistencia nacional a discapacidad"},"content":{"rendered":"\n<p>Actualmente, Incluir Salud Corrientes entrega medicamentos ambulatorios a los beneficiarios de ese programa en toda la provincia de acuerdo a la disponibilidad. Ante la situaci\u00f3n que se da a nivel nacional en relaci\u00f3n al tema de la discapacidad, la cartera sanitaria brega por la normalizaci\u00f3n del programa nacional en la provincia.<\/p>\n\n\n\n<p>El ministro de Salud P\u00fablica de la Provincia, Ricardo Cardozo, ya realiz\u00f3 gestiones ante la Naci\u00f3n para que se normalice la situaci\u00f3n del programa, con el compromiso de las autoridades nacionales de que se resuelva la cuesti\u00f3n.<\/p>\n\n\n\n<p>\u201cEn este contexto, desde Corrientes se reconoce la situaci\u00f3n y se acompa\u00f1a a las familias que piden por sus derechos, en el \u00e1mbito de la discapacidad, y que est\u00e1n a la espera de una respuesta inmediata\u201d, indic\u00f3.<\/p>\n\n\n\n<p>Desde la Direcci\u00f3n de Incluir informaron que \u201cse entregan medicamentos ambulatorios a los beneficiarios del programa en toda la provincia de acuerdo a la disponibilidad. Ante demoras de la Naci\u00f3n en los env\u00edos, el Ministerio solventa los tratamientos m\u00e1s urgentes, lo que representa una erogaci\u00f3n muy importante para la Provincia\u201d.&nbsp;<\/p>\n\n\n\n<p>\u201cEn la actualidad estamos trabajando para agilizar la entrega de medicamentos correspondientes a salud mental\u201d, se agreg\u00f3.<\/p>\n\n\n\n<p>Vale recordar que Incluir Salud es un programa de la Agencia Nacional de Discapacidad de asistencia financiera a las provincias que se adhieran, las cuales administran los fondos mediante las Unidades de Gesti\u00f3n Provincial (UGP), para brindar servicios de salud a las personas afiliadas a trav\u00e9s de la red p\u00fablica de prestadores y garantizar que todas las personas titulares de la Pensi\u00f3n no Contributiva (PNC) puedan acceder a una atenci\u00f3n de calidad independientemente de donde vivan.<\/p>\n","protected":false},"excerpt":{"rendered":"<p>Actualmente, Incluir Salud Corrientes entrega medicamentos ambulatorios a los beneficiarios de ese programa en toda la provincia de acuerdo a la disponibilidad. Ante la situaci\u00f3n que se da a nivel&hellip; <\/p>\n","protected":false},"author":8,"featured_media":151128,"comment_status":"closed","ping_status":"open","sticky":false,"template":"","format":"standard","meta":{"footnotes":""},"categories":[16],"tags":[],"class_list":["post-151127","post","type-post","status-publish","format-standard","has-post-thumbnail","hentry","category-bienestar-y-salud"],"_links":{"self":[{"href":"https:\/\/corrientesdetarde.com\/index.php\/wp-json\/wp\/v2\/posts\/151127","targetHints":{"allow":["GET"]}}],"collection":[{"href":"https:\/\/corrientesdetarde.com\/index.php\/wp-json\/wp\/v2\/posts"}],"about":[{"href":"https:\/\/corrientesdetarde.com\/index.php\/wp-json\/wp\/v2\/types\/post"}],"author":[{"embeddable":true,"href":"https:\/\/corrientesdetarde.com\/index.php\/wp-json\/wp\/v2\/users\/8"}],"replies":[{"embeddable":true,"href":"https:\/\/corrientesdetarde.com\/index.php\/wp-json\/wp\/v2\/comments?post=151127"}],"version-history":[{"count":1,"href":"https:\/\/corrientesdetarde.com\/index.php\/wp-json\/wp\/v2\/posts\/151127\/revisions"}],"predecessor-version":[{"id":151129,"href":"https:\/\/corrientesdetarde.com\/index.php\/wp-json\/wp\/v2\/posts\/151127\/revisions\/151129"}],"wp:featuredmedia":[{"embeddable":true,"href":"https:\/\/corrientesdetarde.com\/index.php\/wp-json\/wp\/v2\/media\/151128"}],"wp:attachment":[{"href":"https:\/\/corrientesdetarde.com\/index.php\/wp-json\/wp\/v2\/media?parent=151127"}],"wp:term":[{"taxonomy":"category","embeddable":true,"href":"https:\/\/corrientesdetarde.com\/index.php\/wp-json\/wp\/v2\/categories?post=151127"},{"taxonomy":"post_tag","embeddable":true,"href":"https:\/\/corrientesdetarde.com\/index.php\/wp-json\/wp\/v2\/tags?post=151127"}],"curies":[{"name":"wp","href":"https:\/\/api.w.org\/{rel}","templated":true}]}}