{"id":151130,"date":"2024-05-29T14:23:17","date_gmt":"2024-05-29T17:23:17","guid":{"rendered":"https:\/\/corrientesdetarde.com\/?p=151130"},"modified":"2024-05-29T14:23:20","modified_gmt":"2024-05-29T17:23:20","slug":"con-un-despiadado-saludo-la-primera-ministra-italiana-confronto-a-un-gobernador-que-la-habia-insultado","status":"publish","type":"post","link":"https:\/\/corrientesdetarde.com\/index.php\/internacionales\/con-un-despiadado-saludo-la-primera-ministra-italiana-confronto-a-un-gobernador-que-la-habia-insultado\/","title":{"rendered":"Con un despiadado saludo, la primera ministra italiana confront\u00f3 a un gobernador que la hab\u00eda insultado"},"content":{"rendered":"\n<p>Giorgia Meloni no dej\u00f3 pasar la oportunidad de retrucar el insulto del gobernador de Campania, el opositor Vincenzo de Luca: \u201cSoy esa sorete\u201d. La inc\u00f3moda respuesta del rival progresista.<\/p>\n\n\n\n<p>La primera ministra italiana,&nbsp;<strong>Giorgia Meloni<\/strong>, sacudi\u00f3 la campa\u00f1a para las elecciones europeas con un saludo al presidente de la regi\u00f3n de Campania, Vincenzo de Luca, del opositor Partido Dem\u00f3crata, que hace unos meses la tild\u00f3 de \u201cstronza\u201d (sorete o tonta) durante un acto para la inauguraci\u00f3n de un polideportivo. El momento qued\u00f3 grabado por su vocero y se volvi\u00f3 viral.<\/p>\n\n\n\n<p>En las im\u00e1genes, se puede ver a la primera ministra de ultraderecha dirigirse con firmeza hacia De Luca y, al darle la mano, soltarle una frase ensayada en casa: \u201c<strong>Presidente De Luca, soy esa sorete de la Meloni, \u00bfc\u00f3mo est\u00e1?<\/strong>\u201d. \u201cBienvenida, en buena salud\u201d, le contest\u00f3 el rival progresista.<\/p>\n\n\n\n<h2 class=\"wp-block-heading\">El origen del conflicto entre Meloni y De Luca<\/h2>\n\n\n\n<p>El origen del conflicto data del 16 de febrero, cuando el presidente de la Campania encabez\u00f3&nbsp;<strong>una manifestaci\u00f3n en Roma<\/strong>&nbsp;en contra del&nbsp;<strong>proyecto de autonom\u00eda diferenciada&nbsp;<\/strong>del gobierno de Meloni, que, seg\u00fan \u00e9l, \u201cpisoteaba el sur\u201d de Italia. Adem\u00e1s, exig\u00eda m\u00e1s fondos para su provincia.<\/p>\n\n\n\n<figure class=\"wp-block-image\"><img decoding=\"async\" src=\"https:\/\/tn.com.ar\/resizer\/FiwyLI7nACIkVdtjp_J4nE3znMc=\/767x0\/smart\/filters:format(webp)\/cloudfront-us-east-1.images.arcpublishing.com\/artear\/GMBMO2AIS222CW5CN2DSZ42KVI.jpg\" alt=\"La primera ministra de Italia, la ultraderechista Giorgia Meloni. (Foto: REUTERS\/Remo Casilli).\"\/><\/figure>\n\n\n\n<p>Entonces, la primera ministra italiana arremeti\u00f3 contra De Luca, y dijo que \u201c<strong>si en lugar de hacer manifestaciones se pusiera a trabajar, tal vez se podr\u00eda obtener alg\u00fan resultado m\u00e1s<\/strong>\u201d. Las declaraciones de Meloni le cayeron mal a De Luca, que ante periodistas le contest\u00f3 \u201c<strong>Trabaj\u00e1 vos, sorete<\/strong>\u201d.<\/p>\n\n\n\n<h2 class=\"wp-block-heading\">Qu\u00e9 dijo De Luca sobre el saludo de Meloni<\/h2>\n\n\n\n<p>De Luca reaccion\u00f3 reci\u00e9n este mi\u00e9rcoles a las im\u00e1genes, que el diario&nbsp;<em>La Repubblica<\/em>&nbsp;calific\u00f3 de \u201ctrampa\u201d de Meloni.&nbsp;<strong>\u201cHe visto que Meloni evidentemente quiso comunicar su nueva y verdadera identidad y nosotros no podemos coincidir\u201d<\/strong>, replic\u00f3.<\/p>\n\n\n\n<p>Adem\u00e1s, asegur\u00f3 que no hab\u00eda escuchado el saludo de la primera ministra. \u201c<strong>Me enter\u00e9 por la tarde por las redes sociales que la actuaci\u00f3n hab\u00eda comenzado unos metros antes, pero, sinceramente, no hab\u00eda o\u00eddo.&nbsp;<\/strong>Me enter\u00e9 por las redes sociales de la refinada elegancia con la que se acerc\u00f3 al presidente de la regi\u00f3n Campania que estaba ah\u00ed para recibirla y darle la bienvenida\u201d, sostuvo.<\/p>\n\n\n\n<p>Faltan tan solo 11 d\u00edas para las elecciones para renovar el Parlamento europeo, el 8 y 9 de junio pr\u00f3ximos, en las que Meloni, que figura como candidata testimonial, aspira a repetir el resultado electoral que le dio el poder (un 26 %), algo m\u00e1s que factible, pero tambi\u00e9n a que su grupo europeo, el mismo que el espa\u00f1ol Vox, sea determinante en la formaci\u00f3n de la futura Comisi\u00f3n.<\/p>\n","protected":false},"excerpt":{"rendered":"<p>Giorgia Meloni no dej\u00f3 pasar la oportunidad de retrucar el insulto del gobernador de Campania, el opositor Vincenzo de Luca: \u201cSoy esa sorete\u201d. La inc\u00f3moda respuesta del rival progresista. La&hellip; <\/p>\n","protected":false},"author":8,"featured_media":151131,"comment_status":"closed","ping_status":"open","sticky":false,"template":"","format":"standard","meta":{"footnotes":""},"categories":[11],"tags":[],"class_list":["post-151130","post","type-post","status-publish","format-standard","has-post-thumbnail","hentry","category-internacionales"],"_links":{"self":[{"href":"https:\/\/corrientesdetarde.com\/index.php\/wp-json\/wp\/v2\/posts\/151130","targetHints":{"allow":["GET"]}}],"collection":[{"href":"https:\/\/corrientesdetarde.com\/index.php\/wp-json\/wp\/v2\/posts"}],"about":[{"href":"https:\/\/corrientesdetarde.com\/index.php\/wp-json\/wp\/v2\/types\/post"}],"author":[{"embeddable":true,"href":"https:\/\/corrientesdetarde.com\/index.php\/wp-json\/wp\/v2\/users\/8"}],"replies":[{"embeddable":true,"href":"https:\/\/corrientesdetarde.com\/index.php\/wp-json\/wp\/v2\/comments?post=151130"}],"version-history":[{"count":1,"href":"https:\/\/corrientesdetarde.com\/index.php\/wp-json\/wp\/v2\/posts\/151130\/revisions"}],"predecessor-version":[{"id":151132,"href":"https:\/\/corrientesdetarde.com\/index.php\/wp-json\/wp\/v2\/posts\/151130\/revisions\/151132"}],"wp:featuredmedia":[{"embeddable":true,"href":"https:\/\/corrientesdetarde.com\/index.php\/wp-json\/wp\/v2\/media\/151131"}],"wp:attachment":[{"href":"https:\/\/corrientesdetarde.com\/index.php\/wp-json\/wp\/v2\/media?parent=151130"}],"wp:term":[{"taxonomy":"category","embeddable":true,"href":"https:\/\/corrientesdetarde.com\/index.php\/wp-json\/wp\/v2\/categories?post=151130"},{"taxonomy":"post_tag","embeddable":true,"href":"https:\/\/corrientesdetarde.com\/index.php\/wp-json\/wp\/v2\/tags?post=151130"}],"curies":[{"name":"wp","href":"https:\/\/api.w.org\/{rel}","templated":true}]}}