{"id":151289,"date":"2024-05-30T08:45:52","date_gmt":"2024-05-30T11:45:52","guid":{"rendered":"https:\/\/corrientesdetarde.com\/?p=151289"},"modified":"2024-05-30T08:47:32","modified_gmt":"2024-05-30T11:47:32","slug":"cerro-una-estacion-de-servicio-de-corrientes-por-la-falta-de-gnc","status":"publish","type":"post","link":"https:\/\/corrientesdetarde.com\/index.php\/informacion-general\/cerro-una-estacion-de-servicio-de-corrientes-por-la-falta-de-gnc\/","title":{"rendered":"Cerr\u00f3 una estaci\u00f3n de servicio de Corrientes por la falta de GNC"},"content":{"rendered":"\n<p>El sistema de provisi\u00f3n de gas nacional que operaba al l\u00edmite, luego de m\u00e1s de una semana de bajas temperaturas, entr\u00f3 ayer en estado de emergencia y caus\u00f3 la interrupci\u00f3n del suministro a m\u00e1s de 300 industrias y cientos de estaciones de servicio de Gas Natural Comprimido (GNC) en todo el pa\u00eds. Entre ellas se cuenta los \u00fanicos surtidores del combustible en la provincia ubicados en Paso de Los Libres.<\/p>\n\n\n\n<p>El Ente Nacional Regulador del Gas (ENARGAS) y las empresas formaron el martes un comit\u00e9 de crisis en el que decidieron priorizar el consumo domiciliario. Constantes demoras, cortes e interrupciones del servicio en Santa Fe y C\u00f3rdoba propiciaron el escenario. El Estado nacional asegur\u00f3 que un cargamento en puerto normalizar\u00e1 hoy el suministro. Sin embargo, referentes hablan de una vuelta a la normalidad para el fin de semana.<\/p>\n\n\n\n<p>Desde la estaci\u00f3n de servicio Yvytu (Viento Fuerte, en guaran\u00ed), ubicada sobre avenida Freyche 2865, a unos cuatro kil\u00f3metros del puente internacional &#8220;Agust\u00edn P. Justo-Getulio Vargas&#8221;, confirmaron que ayer, a las 12, se procedi\u00f3 al cierre de los surtidores. &#8220;La estaci\u00f3n de servicio cerr\u00f3 hasta nuevo aviso. El personal de ENARGAS fue el que nos comunic\u00f3 la decisi\u00f3n y esperamos su autorizaci\u00f3n para reabrir&#8221;, precis\u00f3 una de las encargadas de atenci\u00f3n al cliente.<\/p>\n\n\n\n<p>La boca de expendio, inaugurada en septiembre de 2017, es la primera estaci\u00f3n de la provincia dedicada a suministrar GNC, y tambi\u00e9n la \u00fanica hasta la fecha. Sus principales clientes son conductores de veh\u00edculos livianos y pesados provenientes de la provincia de Buenos Aires, Ciudad Aut\u00f3noma de Buenos Aires, y Brasil. Su localizaci\u00f3n es estrat\u00e9gica, no solo por su cercan\u00eda con el cruce hacia el municipio brasile\u00f1o de Uruguayana, sino por encontrarse a ocho kil\u00f3metros de la Ruta Nacional N\u00ba14, una v\u00eda de conexi\u00f3n con Misiones.<\/p>\n\n\n\n<p>&#8220;Afortunadamente, el desabastecimiento ocurre en temporada baja, cuando existe una menor circulaci\u00f3n de coches originarios de otros pa\u00edses o provincias argentinas. Sin embargo, hay muchos libre\u00f1os que comenzaron a utilizar GNC en los \u00faltimos a\u00f1os. Estos son los m\u00e1s complicados&#8221;, contaron.<\/p>\n\n\n\n<p>Por su parte, la Direcci\u00f3n de Defensa Civil del Municipio asegur\u00f3 a este medio que no esperan un gran impacto de la carest\u00eda del combustible. &#8220;Si bien hay muchos autos particulares que utilizan GNC, la mayor\u00eda se maneja con nafta o gasoil&#8221;, comentaron a este medio.<\/p>\n\n\n\n<p>Otra de las estaciones que alimenta el corredor este de la provincia es la estaci\u00f3n Puma de Chajar\u00ed (Entre R\u00edos). Para este caso, las instalaciones ya hab\u00edan cortado el suministro durante el martes.<\/p>\n\n\n\n<p>La Confederaci\u00f3n de Entidades del Comercio de Hidrocarburos y Afines (CECHA), junto con sus 16 federaciones y c\u00e1maras asociadas, inst\u00f3 al Gobierno nacional y a los actores del sector gas\u00edfero a tomar las medidas necesarias para garantizar la provisi\u00f3n. La C\u00e1mara de Expendedores de Gas Natural Comprimido no descart\u00f3 que el inconveniente se extienda hasta el fin de semana.<\/p>\n\n\n\n<p>Sobre el origen del problema, el Gobierno se\u00f1al\u00f3 que &#8220;un inconveniente t\u00e9cnico en dos plantas compresoras (en San Luis y C\u00f3rdoba) operadas por la empresa Transportadora Gas del Norte (TGN), gener\u00f3 una reducci\u00f3n en el transporte de tres millones de metros c\u00fabicos por d\u00eda de gas natural en la ruta de entrega en zonas de Litoral y GBA.<\/p>\n\n\n\n<p>El segundo motivo fue &#8220;un contratiempo administrativo con el banco con el que opera la empresa Petrobras, que impidi\u00f3 descargar el GNL, adquirido por ENARSA la semana pasada por un total de 44 millones de metros&#8221;. Ayer, a la ma\u00f1ana, el cargamento &#8220;ya estaba siendo descargado&#8221; y esperaban poder solucionar el desabastecimento durante esta jornada.<\/p>\n","protected":false},"excerpt":{"rendered":"<p>El sistema de provisi\u00f3n de gas nacional que operaba al l\u00edmite, luego de m\u00e1s de una semana de bajas temperaturas, entr\u00f3 ayer en estado de emergencia y caus\u00f3 la interrupci\u00f3n&hellip; <\/p>\n","protected":false},"author":12,"featured_media":151310,"comment_status":"closed","ping_status":"open","sticky":false,"template":"","format":"standard","meta":{"footnotes":""},"categories":[1,8],"tags":[],"class_list":["post-151289","post","type-post","status-publish","format-standard","has-post-thumbnail","hentry","category-informacion-general","category-locales"],"_links":{"self":[{"href":"https:\/\/corrientesdetarde.com\/index.php\/wp-json\/wp\/v2\/posts\/151289","targetHints":{"allow":["GET"]}}],"collection":[{"href":"https:\/\/corrientesdetarde.com\/index.php\/wp-json\/wp\/v2\/posts"}],"about":[{"href":"https:\/\/corrientesdetarde.com\/index.php\/wp-json\/wp\/v2\/types\/post"}],"author":[{"embeddable":true,"href":"https:\/\/corrientesdetarde.com\/index.php\/wp-json\/wp\/v2\/users\/12"}],"replies":[{"embeddable":true,"href":"https:\/\/corrientesdetarde.com\/index.php\/wp-json\/wp\/v2\/comments?post=151289"}],"version-history":[{"count":1,"href":"https:\/\/corrientesdetarde.com\/index.php\/wp-json\/wp\/v2\/posts\/151289\/revisions"}],"predecessor-version":[{"id":151308,"href":"https:\/\/corrientesdetarde.com\/index.php\/wp-json\/wp\/v2\/posts\/151289\/revisions\/151308"}],"wp:featuredmedia":[{"embeddable":true,"href":"https:\/\/corrientesdetarde.com\/index.php\/wp-json\/wp\/v2\/media\/151310"}],"wp:attachment":[{"href":"https:\/\/corrientesdetarde.com\/index.php\/wp-json\/wp\/v2\/media?parent=151289"}],"wp:term":[{"taxonomy":"category","embeddable":true,"href":"https:\/\/corrientesdetarde.com\/index.php\/wp-json\/wp\/v2\/categories?post=151289"},{"taxonomy":"post_tag","embeddable":true,"href":"https:\/\/corrientesdetarde.com\/index.php\/wp-json\/wp\/v2\/tags?post=151289"}],"curies":[{"name":"wp","href":"https:\/\/api.w.org\/{rel}","templated":true}]}}