{"id":151290,"date":"2024-05-30T08:41:14","date_gmt":"2024-05-30T11:41:14","guid":{"rendered":"https:\/\/corrientesdetarde.com\/?p=151290"},"modified":"2024-05-30T08:41:17","modified_gmt":"2024-05-30T11:41:17","slug":"ascua-expuso-la-falta-de-asistencia-nacional","status":"publish","type":"post","link":"https:\/\/corrientesdetarde.com\/index.php\/destacados\/ascua-expuso-la-falta-de-asistencia-nacional\/","title":{"rendered":"Asc\u00faa expuso la falta de asistencia nacional"},"content":{"rendered":"\n<p>El intendente de Paso de los Libres denunci\u00f3 que nunca obtuvo respuesta de la Presidencia al pedido de ayuda para las familias anegadas. El martes regres\u00f3 al hogar el \u00faltimo evacuado.<\/p>\n\n\n\n<p>&#8220;Ayer termin\u00f3 por irse la \u00faltima familia que estaba en nuestro centro de evacuados: Ramona Maciel y sus tres hijos. Fueron aproximadamente 40 d\u00edas que el r\u00edo Uruguay creci\u00f3 mucho y fueron m\u00e1s de 200 familias las que tuvimos que evacuar&#8221;, inform\u00f3 el intendente Paso de Libres, Mart\u00edn Asc\u00faa, al relatar que durante m\u00e1s de once d\u00edas solicit\u00f3 asistencia nacional para los inundados por la creciente del r\u00edo Uruguay y no obtuvo respuestas.<\/p>\n\n\n\n<p>De esa forma, el funcionario de la ciudad fronteriza describi\u00f3 c\u00f3mo se vivi\u00f3 el drama de las inundaciones que durante varias semanas azotaron a las ciudades y parajes costeros en la frontera con Brasil y Uruguay y la falta de asistencia nacional a las personas perjudicadas.<\/p>\n\n\n\n<p>Al responder una entrevista del canal Am\u00e9rica 24, el Jefe comunal expres\u00f3: &#8220;Fueron varios d\u00edas que tuvimos que trabajar con esas familias y tuvimos que hacerlo solos. Lamentablemente no tuvimos colaboraci\u00f3n del Gobierno Nacional&#8221;.<\/p>\n\n\n\n<p>El Intendente expuso lo que considera una falta de sensibilidad de parte del Gobierno de La Libertad Avanza y detall\u00f3: &#8220;Enviamos la carta el 17 de mayo; ayer luego de hacer varias notas, a \u00faltima hora se contact\u00f3 alguien de pol\u00edticas sociales y no pudimos avanzar, pero ya no tenemos gente evacuada. Les dije que nos arreglamos con los recursos del Municipio&#8221;, dijo el intendente.<\/p>\n\n\n\n<p>&#8220;En los otros gobiernos era Desarrollo Social el que se comunicaba con nosotros inmediatamente y nos hac\u00eda llegar directamente alimentos. Era pr\u00e1cticamente un sistema de trabajo&#8221;, coment\u00f3 Asc\u00faa al hacer la diferencia entre la administraci\u00f3n que encabez\u00f3 Alberto Fern\u00e1ndez al cuestionar el manejo del Gobierno de Javier Milei.<\/p>\n\n\n\n<p>Desde Paso de los Libres tambi\u00e9n contrastan la falta de ayuda para los afectados correntinos con la r\u00e1pida intervenci\u00f3n de funcionarios nacionales para llevar asistencia a Concordia, ciudad de Entre R\u00edos, que tambi\u00e9n sufri\u00f3 el avance de las aguas.<\/p>\n\n\n\n<p>Desde el Municipio explicaron el 16 de mayo que fue &#8220;un trabajo articulado desde el Ministerio de Seguridad de la Naci\u00f3n y el Sistema Nacional para la Gesti\u00f3n Integral del Riesgo (SINAGIR). Arribaron con medicamentos, elementos de higiene y limpieza, frazadas y ropa&#8221;<\/p>\n","protected":false},"excerpt":{"rendered":"<p>El intendente de Paso de los Libres denunci\u00f3 que nunca obtuvo respuesta de la Presidencia al pedido de ayuda para las familias anegadas. El martes regres\u00f3 al hogar el \u00faltimo&hellip; <\/p>\n","protected":false},"author":12,"featured_media":151304,"comment_status":"closed","ping_status":"open","sticky":false,"template":"","format":"standard","meta":{"footnotes":""},"categories":[26,1658],"tags":[],"class_list":["post-151290","post","type-post","status-publish","format-standard","has-post-thumbnail","hentry","category-destacados","category-interior"],"_links":{"self":[{"href":"https:\/\/corrientesdetarde.com\/index.php\/wp-json\/wp\/v2\/posts\/151290","targetHints":{"allow":["GET"]}}],"collection":[{"href":"https:\/\/corrientesdetarde.com\/index.php\/wp-json\/wp\/v2\/posts"}],"about":[{"href":"https:\/\/corrientesdetarde.com\/index.php\/wp-json\/wp\/v2\/types\/post"}],"author":[{"embeddable":true,"href":"https:\/\/corrientesdetarde.com\/index.php\/wp-json\/wp\/v2\/users\/12"}],"replies":[{"embeddable":true,"href":"https:\/\/corrientesdetarde.com\/index.php\/wp-json\/wp\/v2\/comments?post=151290"}],"version-history":[{"count":1,"href":"https:\/\/corrientesdetarde.com\/index.php\/wp-json\/wp\/v2\/posts\/151290\/revisions"}],"predecessor-version":[{"id":151305,"href":"https:\/\/corrientesdetarde.com\/index.php\/wp-json\/wp\/v2\/posts\/151290\/revisions\/151305"}],"wp:featuredmedia":[{"embeddable":true,"href":"https:\/\/corrientesdetarde.com\/index.php\/wp-json\/wp\/v2\/media\/151304"}],"wp:attachment":[{"href":"https:\/\/corrientesdetarde.com\/index.php\/wp-json\/wp\/v2\/media?parent=151290"}],"wp:term":[{"taxonomy":"category","embeddable":true,"href":"https:\/\/corrientesdetarde.com\/index.php\/wp-json\/wp\/v2\/categories?post=151290"},{"taxonomy":"post_tag","embeddable":true,"href":"https:\/\/corrientesdetarde.com\/index.php\/wp-json\/wp\/v2\/tags?post=151290"}],"curies":[{"name":"wp","href":"https:\/\/api.w.org\/{rel}","templated":true}]}}