{"id":151291,"date":"2024-05-30T08:36:51","date_gmt":"2024-05-30T11:36:51","guid":{"rendered":"https:\/\/corrientesdetarde.com\/?p=151291"},"modified":"2024-05-30T08:36:55","modified_gmt":"2024-05-30T11:36:55","slug":"confirman-abuso-sexual-a-la-adolescente-asesinada-en-monte-caseros","status":"publish","type":"post","link":"https:\/\/corrientesdetarde.com\/index.php\/destacados\/confirman-abuso-sexual-a-la-adolescente-asesinada-en-monte-caseros\/","title":{"rendered":"Confirman abuso sexual a la adolescente asesinada en Monte Caseros"},"content":{"rendered":"\n<p>La fiscal que investiga el\u00a0<strong>crimen de la adolescente de 14 a\u00f1os que conmocion\u00f3 a la localidad de Monte Caseros<\/strong>\u00a0\u00a0, doctora Bel\u00e9n Arr\u00faa, coment\u00f3 &#8220;en el d\u00eda de ayer se han entrevistado a seis personas que han colaborado aportando datos. Y hemos concurrido al lugar de manera inmediata&#8221;, indic\u00f3.<\/p>\n\n\n\n<p>&#8220;Se hizo la detenci\u00f3n de tres personas que est\u00e1n sospechadas hasta el momento del delito. Estamos haciendo el acompa\u00f1amiento psicol\u00f3gico de la madre de la adolescente&#8221;, sostuvo la fiscal. &#8220;Es una investigaci\u00f3n muy prematura ya que no han pasado ni 24 horas del conocimiento de la misma pero se est\u00e1 avanzando&#8221;. Dijo &#8220;hay datos que no se pueden brindar por la reserva del caso&#8221;.<\/p>\n\n\n\n<p>&#8220;Hay vecinos que han aportado informaci\u00f3n muy importante para la causa&#8221;, manifest\u00f3.<\/p>\n\n\n\n<figure class=\"wp-block-image\"><img decoding=\"async\" src=\"https:\/\/www.diarioepoca.com\/content\/bucket\/8\/1365528w790h444c.jpg.webp\" alt=\"\"\/><figcaption class=\"wp-element-caption\">VECINOS QUEMARON DOS CASILLAS TRAS EL CRIMEN.<\/figcaption><\/figure>\n\n\n\n<p>&#8220;La ni\u00f1a viv\u00eda con la madre, muy presente, muy cuidadosa y hemos hablado con ella. Y viv\u00edan aproximadamente a dos cuadras de este lugar y eran conocidos de estas personas porque jugaba con la sobrina de uno de \u00e9stos&#8221;.<\/p>\n\n\n\n<p>La fiscal Arr\u00faa confirm\u00f3 &#8220;estamos esperando los informes, ya se hizo el examen cadav\u00e9rico y la autopsia y en base a eso el abuso fue comprobado&#8221;, afirm\u00f3.<\/p>\n\n\n\n<p>La calificaci\u00f3n provisoria de la casusa es &#8220;abuso sexual con acceso carnal seguido de femicidio&#8221;.<\/p>\n\n\n\n<p><strong>Detenidos<\/strong><\/p>\n\n\n\n<p>La doctora Arr\u00faa tambi\u00e9n confirm\u00f3 que los tres detenidos son hermanos y son oriundos de Buenos Aires, a la vez que indic\u00f3 que no se puede determinar hasta el momento que la responsabilidad mayor del crimen recaiga sobre uno de los hombres, el mayor de todos. Asimismo dijo que aguardan los informes sobre sus antecedentes.<\/p>\n\n\n\n<p>&nbsp;&#8220;Estamos en una etapa investigativa y preservamos datos. No queremos que se malinterprete ni haya influencias con respecto a este hecho&#8221;, expres\u00f3.<\/p>\n\n\n\n<p>La fiscal afirm\u00f3 que el cuerpo presentaba heridas de arma blanca, &#8220;estamos esperando los informes m\u00e9dicos para corroborar todas las dudas&#8221;. A la vez inform\u00f3 que se esperan los informes para determinar la hora de muerte de la adolescente.\u00a0<\/p>\n","protected":false},"excerpt":{"rendered":"<p>La fiscal que investiga el\u00a0crimen de la adolescente de 14 a\u00f1os que conmocion\u00f3 a la localidad de Monte Caseros\u00a0\u00a0, doctora Bel\u00e9n Arr\u00faa, coment\u00f3 &#8220;en el d\u00eda de ayer se han&hellip; <\/p>\n","protected":false},"author":12,"featured_media":151300,"comment_status":"closed","ping_status":"open","sticky":false,"template":"","format":"standard","meta":{"footnotes":""},"categories":[26,33],"tags":[],"class_list":["post-151291","post","type-post","status-publish","format-standard","has-post-thumbnail","hentry","category-destacados","category-policiales"],"_links":{"self":[{"href":"https:\/\/corrientesdetarde.com\/index.php\/wp-json\/wp\/v2\/posts\/151291","targetHints":{"allow":["GET"]}}],"collection":[{"href":"https:\/\/corrientesdetarde.com\/index.php\/wp-json\/wp\/v2\/posts"}],"about":[{"href":"https:\/\/corrientesdetarde.com\/index.php\/wp-json\/wp\/v2\/types\/post"}],"author":[{"embeddable":true,"href":"https:\/\/corrientesdetarde.com\/index.php\/wp-json\/wp\/v2\/users\/12"}],"replies":[{"embeddable":true,"href":"https:\/\/corrientesdetarde.com\/index.php\/wp-json\/wp\/v2\/comments?post=151291"}],"version-history":[{"count":1,"href":"https:\/\/corrientesdetarde.com\/index.php\/wp-json\/wp\/v2\/posts\/151291\/revisions"}],"predecessor-version":[{"id":151301,"href":"https:\/\/corrientesdetarde.com\/index.php\/wp-json\/wp\/v2\/posts\/151291\/revisions\/151301"}],"wp:featuredmedia":[{"embeddable":true,"href":"https:\/\/corrientesdetarde.com\/index.php\/wp-json\/wp\/v2\/media\/151300"}],"wp:attachment":[{"href":"https:\/\/corrientesdetarde.com\/index.php\/wp-json\/wp\/v2\/media?parent=151291"}],"wp:term":[{"taxonomy":"category","embeddable":true,"href":"https:\/\/corrientesdetarde.com\/index.php\/wp-json\/wp\/v2\/categories?post=151291"},{"taxonomy":"post_tag","embeddable":true,"href":"https:\/\/corrientesdetarde.com\/index.php\/wp-json\/wp\/v2\/tags?post=151291"}],"curies":[{"name":"wp","href":"https:\/\/api.w.org\/{rel}","templated":true}]}}