{"id":151292,"date":"2024-05-30T08:38:13","date_gmt":"2024-05-30T11:38:13","guid":{"rendered":"https:\/\/corrientesdetarde.com\/?p=151292"},"modified":"2024-05-30T08:38:25","modified_gmt":"2024-05-30T11:38:25","slug":"karina-milei-y-martin-menem-llegan-a-corrientes-para-una-audiencia-con-el-juzgado-federal","status":"publish","type":"post","link":"https:\/\/corrientesdetarde.com\/index.php\/politica\/karina-milei-y-martin-menem-llegan-a-corrientes-para-una-audiencia-con-el-juzgado-federal\/","title":{"rendered":"Karina Milei y Mart\u00edn Menem llegan a Corrientes para una audiencia con el Juzgado Federal"},"content":{"rendered":"\n<p>La secretaria general de la Presidencia, Karina Milei, y el presidente de la C\u00e1mara de Diputados de la Naci\u00f3n, Mart\u00edn Menem, arribar\u00e1n el pr\u00f3ximo lunes a la ciudad de Corrientes. Ambos funcionarios se har\u00e1n presentes en el Juzgado Federal N\u00b01 para acudir a una audiencia que tiene con fin reconocer a la Libertad Avanza como partido distrital.&nbsp;<\/p>\n\n\n\n<p>El encuentro est\u00e1 programado para las 11 &nbsp;y se dar\u00e1 en el marco del tratamiento del art\u00edculo 62 de la Ley 23.298 que trata sobre la denominaci\u00f3n de las fuerzas pol\u00edticas.&nbsp;<\/p>\n\n\n\n<p>El partido que encabeza el presidente Javier Milei viene buscando establecerse como una agrupaci\u00f3n nacional y para esto debe conseguir el reconocimiento en cinco provincias, lo que permitir\u00e1 presentarse por s\u00ed solo a elecciones presidenciales y en las categor\u00edas nacionales de las provincias donde tiene ese status.<\/p>\n\n\n\n<p>El primer distrito en el que LLA obtuvo el reconocimiento es en La Rioja, donde el presidente del partido es Mart\u00edn Menem, titular de la C\u00e1mara de Diputados. Con ese aval comenz\u00f3 a hacer el tr\u00e1mite en otras provincias. Ya lo consigui\u00f3 en Salta, de manera provisorio en C\u00f3rdoba y avanza en otras provincias como Mendoza, Santa Fe, Salta, Corrientes, Santiago del Estero, Tierra del Fuego, Formosa, CABA, y Jujuy.<\/p>\n","protected":false},"excerpt":{"rendered":"<p>La secretaria general de la Presidencia, Karina Milei, y el presidente de la C\u00e1mara de Diputados de la Naci\u00f3n, Mart\u00edn Menem, arribar\u00e1n el pr\u00f3ximo lunes a la ciudad de Corrientes.&hellip; <\/p>\n","protected":false},"author":12,"featured_media":151302,"comment_status":"closed","ping_status":"open","sticky":false,"template":"","format":"standard","meta":{"footnotes":""},"categories":[23,3],"tags":[],"class_list":["post-151292","post","type-post","status-publish","format-standard","has-post-thumbnail","hentry","category-actualidad","category-politica"],"_links":{"self":[{"href":"https:\/\/corrientesdetarde.com\/index.php\/wp-json\/wp\/v2\/posts\/151292","targetHints":{"allow":["GET"]}}],"collection":[{"href":"https:\/\/corrientesdetarde.com\/index.php\/wp-json\/wp\/v2\/posts"}],"about":[{"href":"https:\/\/corrientesdetarde.com\/index.php\/wp-json\/wp\/v2\/types\/post"}],"author":[{"embeddable":true,"href":"https:\/\/corrientesdetarde.com\/index.php\/wp-json\/wp\/v2\/users\/12"}],"replies":[{"embeddable":true,"href":"https:\/\/corrientesdetarde.com\/index.php\/wp-json\/wp\/v2\/comments?post=151292"}],"version-history":[{"count":1,"href":"https:\/\/corrientesdetarde.com\/index.php\/wp-json\/wp\/v2\/posts\/151292\/revisions"}],"predecessor-version":[{"id":151303,"href":"https:\/\/corrientesdetarde.com\/index.php\/wp-json\/wp\/v2\/posts\/151292\/revisions\/151303"}],"wp:featuredmedia":[{"embeddable":true,"href":"https:\/\/corrientesdetarde.com\/index.php\/wp-json\/wp\/v2\/media\/151302"}],"wp:attachment":[{"href":"https:\/\/corrientesdetarde.com\/index.php\/wp-json\/wp\/v2\/media?parent=151292"}],"wp:term":[{"taxonomy":"category","embeddable":true,"href":"https:\/\/corrientesdetarde.com\/index.php\/wp-json\/wp\/v2\/categories?post=151292"},{"taxonomy":"post_tag","embeddable":true,"href":"https:\/\/corrientesdetarde.com\/index.php\/wp-json\/wp\/v2\/tags?post=151292"}],"curies":[{"name":"wp","href":"https:\/\/api.w.org\/{rel}","templated":true}]}}