{"id":151309,"date":"2024-05-30T08:49:01","date_gmt":"2024-05-30T11:49:01","guid":{"rendered":"https:\/\/corrientesdetarde.com\/?p=151309"},"modified":"2024-05-30T08:49:06","modified_gmt":"2024-05-30T11:49:06","slug":"alerta-por-el-corte-en-la-entrega-de-partidas-de-alimentos-a-comedores","status":"publish","type":"post","link":"https:\/\/corrientesdetarde.com\/index.php\/sociales\/alerta-por-el-corte-en-la-entrega-de-partidas-de-alimentos-a-comedores\/","title":{"rendered":"Alerta por el corte en la entrega de partidas de alimentos a comedores"},"content":{"rendered":"\n<p>En medio de las denuncias por malversaci\u00f3n de recursos para comedores comunitarios, una situaci\u00f3n que enfrenta al Gobierno con diversas organizaciones sociales, contin\u00faan paralizados los env\u00edos de alimento al sistema de centros en que se da de comer a sectores populares afectados por la crisis econ\u00f3mica y la pobreza creciente.<\/p>\n\n\n\n<p>De esta manera, la administraci\u00f3n de Javier Milei no entrega alimentos a los comedores populares desde que comenz\u00f3 su mandato, en diciembre \u00faltimo. As\u00ed, se reclam\u00f3 reactivar los env\u00edos mientras siguen las investigaciones sobre graves irregularidades en el sistema de distribuci\u00f3n.<\/p>\n\n\n\n<p>Incluso, la propia Justicia argentina orden\u00f3 esta semana al Ejecutivo Nacional a que distribuya &#8220;de modo inmediato&#8221; los alimentos entre los comedores, un stock que permanece en dep\u00f3sitos del Estado y que ser\u00eda de unas 5.000 toneladas de comida compradas por el gobierno anterior.<\/p>\n\n\n\n<p>Si bien la Casa Rosada anunci\u00f3 que apelar\u00e1 el fallo, hay un reclamo que se repotencia tambi\u00e9n tras el planteo por los alimentos a los comedores que la propia iglesia cat\u00f3lica realiz\u00f3 a trav\u00e9s de diversas autoridades eclesi\u00e1sticas que en los \u00faltimos d\u00edas se pronunciaron al respecto.<\/p>\n\n\n\n<p>Los datos oficiales del Instituto de Estad\u00edsticas y Censos (INDEC) indican que en Argentina m\u00e1s del 41% de la poblaci\u00f3n era pobre o indigente a fines de 2023. Actualmente, seg\u00fan el Observatorio de la Deuda Social de la Universidad Cat\u00f3lica Argentina (UCA), la pobreza trep\u00f3 al 57,4% de la poblaci\u00f3n y el 32% de ni\u00f1os y adolescentes sufre carencias alimentarias.<\/p>\n\n\n\n<p>Por eso se hace clave la labor de los comedores populares.<\/p>\n\n\n\n<h2 class=\"wp-block-heading\">Preocupaci\u00f3n en Corrientes<\/h2>\n\n\n\n<figure class=\"wp-block-image\"><img decoding=\"async\" src=\"https:\/\/www.diarioepoca.com\/content\/bucket\/7\/1365517w380h202c.jpg.webp\" alt=\"\"\/><\/figure>\n\n\n\n<p>Referentes de organizaciones sociales en Corrientes siguen de cerca los reclamos del sector a nivel nacional para tratar de destrabar el freno a los alimentos que deben ir a los comedores, dijeron<\/p>\n\n\n\n<p>Este mi\u00e9rcoles se desarroll\u00f3 un encuentro a nivel pa\u00eds del sector y el tema de los comedores fue el principal.<\/p>\n","protected":false},"excerpt":{"rendered":"<p>En medio de las denuncias por malversaci\u00f3n de recursos para comedores comunitarios, una situaci\u00f3n que enfrenta al Gobierno con diversas organizaciones sociales, contin\u00faan paralizados los env\u00edos de alimento al sistema&hellip; <\/p>\n","protected":false},"author":12,"featured_media":151314,"comment_status":"closed","ping_status":"open","sticky":false,"template":"","format":"standard","meta":{"footnotes":""},"categories":[23,17],"tags":[],"class_list":["post-151309","post","type-post","status-publish","format-standard","has-post-thumbnail","hentry","category-actualidad","category-sociales"],"_links":{"self":[{"href":"https:\/\/corrientesdetarde.com\/index.php\/wp-json\/wp\/v2\/posts\/151309","targetHints":{"allow":["GET"]}}],"collection":[{"href":"https:\/\/corrientesdetarde.com\/index.php\/wp-json\/wp\/v2\/posts"}],"about":[{"href":"https:\/\/corrientesdetarde.com\/index.php\/wp-json\/wp\/v2\/types\/post"}],"author":[{"embeddable":true,"href":"https:\/\/corrientesdetarde.com\/index.php\/wp-json\/wp\/v2\/users\/12"}],"replies":[{"embeddable":true,"href":"https:\/\/corrientesdetarde.com\/index.php\/wp-json\/wp\/v2\/comments?post=151309"}],"version-history":[{"count":1,"href":"https:\/\/corrientesdetarde.com\/index.php\/wp-json\/wp\/v2\/posts\/151309\/revisions"}],"predecessor-version":[{"id":151315,"href":"https:\/\/corrientesdetarde.com\/index.php\/wp-json\/wp\/v2\/posts\/151309\/revisions\/151315"}],"wp:featuredmedia":[{"embeddable":true,"href":"https:\/\/corrientesdetarde.com\/index.php\/wp-json\/wp\/v2\/media\/151314"}],"wp:attachment":[{"href":"https:\/\/corrientesdetarde.com\/index.php\/wp-json\/wp\/v2\/media?parent=151309"}],"wp:term":[{"taxonomy":"category","embeddable":true,"href":"https:\/\/corrientesdetarde.com\/index.php\/wp-json\/wp\/v2\/categories?post=151309"},{"taxonomy":"post_tag","embeddable":true,"href":"https:\/\/corrientesdetarde.com\/index.php\/wp-json\/wp\/v2\/tags?post=151309"}],"curies":[{"name":"wp","href":"https:\/\/api.w.org\/{rel}","templated":true}]}}