{"id":151317,"date":"2024-05-30T10:14:23","date_gmt":"2024-05-30T13:14:23","guid":{"rendered":"https:\/\/corrientesdetarde.com\/?p=151317"},"modified":"2024-05-30T10:14:35","modified_gmt":"2024-05-30T13:14:35","slug":"impuesto-a-las-ganancias-hasta-que-fecha-se-extendio-el-plazo-para-presentar-deducciones","status":"publish","type":"post","link":"https:\/\/corrientesdetarde.com\/index.php\/economia\/impuesto-a-las-ganancias-hasta-que-fecha-se-extendio-el-plazo-para-presentar-deducciones\/","title":{"rendered":"Impuesto a las Ganancias: hasta qu\u00e9 fecha se extendi\u00f3 el plazo para presentar deducciones"},"content":{"rendered":"\n<p>En medio de las negociaciones que el Gobierno mantiene\u00a0en el Senado por la\u00a0Ley Bases, la Administraci\u00f3n Federal de Ingresos P\u00fablicos (<strong>AFIP<\/strong>) extendi\u00f3 nuevamente el plazo para que los trabajadores informen las deducciones anuales del\u00a0<strong>Impuesto a las Ganancias<\/strong>\u00a0correspondientes al 2023.<\/p>\n\n\n\n<p>De esta manera, mediante la Resoluci\u00f3n General N\u00b0 5514, se prorrog\u00f3 el periodo hasta el 30 de junio&nbsp;la presentaci\u00f3n del SIRADIG para que los trabajadores tengan a su favor los gastos realizados en el exterior. Desde el oficialismo&nbsp;argumentaron que la medida es a favor de los trabajadores &#8220;ya que el paquete fiscal (Medidas Fiscales Paliativas y Relevantes), que se encuentra en tr\u00e1mite parlamentario, introduce una serie de beneficios que resultan aplicables a la liquidaci\u00f3n del&nbsp;<strong>Impuesto a las Ganancias<\/strong>&nbsp;del a\u00f1o pasado.<\/p>\n\n\n\n<p>En este sentido, la resoluci\u00f3n sostuvo que \u201cen aras de dar continuidad a los actos de gobierno tendientes a&nbsp;brindar seguridad jur\u00eddica a los contribuyentes y responsables&nbsp;respecto del alcance del&nbsp;<strong>Impuesto a las Ganancias<\/strong>, el Poder Ejecutivo Nacional puso a consideraci\u00f3n del Honorable Congreso de la Naci\u00f3n un proyecto normativo enviado mediante Mensaje (PEN) N\u00b0 20\/24 a fin de dejar establecidas, con jerarqu\u00eda de ley, las aludidas medidas de pol\u00edtica tributaria\u201d.<\/p>\n\n\n\n<figure class=\"wp-block-image\"><img decoding=\"async\" src=\"https:\/\/www.mdzol.com\/u\/fotografias\/m\/2020\/11\/18\/f768x415-982545_1028094_2051.jpg\" alt=\"\"\/><figcaption class=\"wp-element-caption\">La AFIP extendi\u00f3 el plazo para informar las deducciones de Ganancias hasta el 30 de junio \/ Foto: archivo MDZ.<\/figcaption><\/figure>\n\n\n\n<p>Adem\u00e1s,&nbsp;<strong>AFIP&nbsp;<\/strong>precis\u00f3 que \u201cel importe determinado en dicha liquidaci\u00f3n anual ser\u00e1 retenido o, en su caso, reintegrado,&nbsp;cuando se efect\u00fae el primer pago posterior a la fecha de dicha liquidaci\u00f3n&nbsp;o en los siguientes si no fuera suficiente, y hasta el 9 de agosto de 2024, inclusive\u201d.<\/p>\n\n\n\n<p>A su vez, el texto oficial explic\u00f3 que \u201cdeber\u00e1 informarse e ingresarse el referido importe hasta las fechas de vencimiento establecidas para la presentaci\u00f3n de la<strong>\u00a0declaraci\u00f3n jurada\u00a0<\/strong>e ingreso del saldo resultante que operan en el mes de agosto de 2024, del Sistema de Control de Retenciones (SICORE), previsto por la Resoluci\u00f3n General N\u00b0 2.233, sus modificatorias y complementarias, inform\u00e1ndolo en el per\u00edodo julio de 2024 y consignando como fecha de retenci\u00f3n el 31 de julio de 2024&#8243;.<\/p>\n\n\n\n<p>Vale recordar que durante el 2023 se dictaron dos decretos que redujeron el&nbsp;<strong>Impuesto a las Ganancias&nbsp;<\/strong>de los trabajadores, pero estos decretos deb\u00edan ser validados por el Honorable Congreso de la Naci\u00f3n a efectos de que adquieran fuerza de ley.<br>En ese contexto, las percepciones que los trabajadores tengan a su favor por gastos realizados en el exterior, tambi\u00e9n deber\u00e1n computarse hasta el 30 de junio pr\u00f3ximo.<\/p>\n\n\n\n<h2 class=\"wp-block-heading\">Ganancias: \u00bfqu\u00e9 son las deducciones?<\/h2>\n\n\n\n<p>Los empleados en relaci\u00f3n de dependencia anualmente deben presentar un formulario donde declaran la totalidad de las deducciones que corresponde descontar en la liquidaci\u00f3n anual del<strong>&nbsp;Impuesto a las Ganancias&nbsp;<\/strong>que realizan los empleadores (por ejemplo, gastos m\u00e9dicos, salarios pagados al personal de casas particulares).<\/p>\n","protected":false},"excerpt":{"rendered":"<p>En medio de las negociaciones que el Gobierno mantiene\u00a0en el Senado por la\u00a0Ley Bases, la Administraci\u00f3n Federal de Ingresos P\u00fablicos (AFIP) extendi\u00f3 nuevamente el plazo para que los trabajadores informen&hellip; <\/p>\n","protected":false},"author":12,"featured_media":151337,"comment_status":"closed","ping_status":"open","sticky":false,"template":"","format":"standard","meta":{"footnotes":""},"categories":[20],"tags":[],"class_list":["post-151317","post","type-post","status-publish","format-standard","has-post-thumbnail","hentry","category-economia"],"_links":{"self":[{"href":"https:\/\/corrientesdetarde.com\/index.php\/wp-json\/wp\/v2\/posts\/151317","targetHints":{"allow":["GET"]}}],"collection":[{"href":"https:\/\/corrientesdetarde.com\/index.php\/wp-json\/wp\/v2\/posts"}],"about":[{"href":"https:\/\/corrientesdetarde.com\/index.php\/wp-json\/wp\/v2\/types\/post"}],"author":[{"embeddable":true,"href":"https:\/\/corrientesdetarde.com\/index.php\/wp-json\/wp\/v2\/users\/12"}],"replies":[{"embeddable":true,"href":"https:\/\/corrientesdetarde.com\/index.php\/wp-json\/wp\/v2\/comments?post=151317"}],"version-history":[{"count":1,"href":"https:\/\/corrientesdetarde.com\/index.php\/wp-json\/wp\/v2\/posts\/151317\/revisions"}],"predecessor-version":[{"id":151338,"href":"https:\/\/corrientesdetarde.com\/index.php\/wp-json\/wp\/v2\/posts\/151317\/revisions\/151338"}],"wp:featuredmedia":[{"embeddable":true,"href":"https:\/\/corrientesdetarde.com\/index.php\/wp-json\/wp\/v2\/media\/151337"}],"wp:attachment":[{"href":"https:\/\/corrientesdetarde.com\/index.php\/wp-json\/wp\/v2\/media?parent=151317"}],"wp:term":[{"taxonomy":"category","embeddable":true,"href":"https:\/\/corrientesdetarde.com\/index.php\/wp-json\/wp\/v2\/categories?post=151317"},{"taxonomy":"post_tag","embeddable":true,"href":"https:\/\/corrientesdetarde.com\/index.php\/wp-json\/wp\/v2\/tags?post=151317"}],"curies":[{"name":"wp","href":"https:\/\/api.w.org\/{rel}","templated":true}]}}