{"id":151318,"date":"2024-05-30T10:14:39","date_gmt":"2024-05-30T13:14:39","guid":{"rendered":"https:\/\/corrientesdetarde.com\/?p=151318"},"modified":"2024-05-30T10:14:40","modified_gmt":"2024-05-30T13:14:40","slug":"violencia-sin-fin-en-mexico-un-candidato-a-alcalde-fue-asesinado-en-medio-de-un-acto","status":"publish","type":"post","link":"https:\/\/corrientesdetarde.com\/index.php\/internacionales\/violencia-sin-fin-en-mexico-un-candidato-a-alcalde-fue-asesinado-en-medio-de-un-acto\/","title":{"rendered":"Violencia sin fin en M\u00e9xico: un candidato a alcalde fue asesinado en medio de un acto"},"content":{"rendered":"\n<p>Un&nbsp;<strong>candidato&nbsp;<\/strong>a alcalde de un distrito del sudoeste de&nbsp;<strong>M\u00e9xico&nbsp;<\/strong>fue&nbsp;<strong>asesinado&nbsp;<\/strong>a tiros en el acto de cierre de campa\u00f1a y se sum\u00f3 al largo listado de postulantes que fueron v\u00edctimas de la violencia en el pa\u00eds azteca.<\/p>\n\n\n\n<p>Se trata de<strong>&nbsp;Jos\u00e9 Alfredo Cabrera Barrientos<\/strong>, candidato de la coalici\u00f3n &#8220;Fuerza y Coraz\u00f3n por Coyuca&#8221; (PRI-PAN-PRD) a la Alcald\u00eda de Coyuca de Ben\u00edtez, en el Estado de Guerrero.<br>&nbsp;<\/p>\n\n\n\n<p><br>El crimen del dirigente pol\u00edtico ocurri\u00f3 el pasado mi\u00e9rcoles en el poblado de Las Lomas.<\/p>\n\n\n\n<p>&#8220;Para esclarecer este cobarde crimen y garantizar la no impunidad, he solicitado a la Fiscal\u00eda General del Estado de Guerrero hacer las investigaciones pertinentes para aplicar todo el peso de la ley a \u00e9l o los responsables de este delito&#8221;, expres\u00f3 la gobernadora de Guerrero, Evelyn Salgado Pineda.<\/p>\n\n\n\n<p>Uno de los atacantes fue abatido en el lugar de los hechos: adem\u00e1s de la muerte del&nbsp;<strong>candidato<\/strong>, otras tres personas resultaron heridas.<\/p>\n\n\n\n<p>Seg\u00fan informaron medios locales,&nbsp;<strong>Cabrera&nbsp;<\/strong>estaba a punto de subir al escenario para pronunciar su discurso cuando fue atacado: incluso las im\u00e1genes del momento quedaron registradas en videos que se viralizaron en redes sociales.<\/p>\n\n\n\n<figure class=\"wp-block-video\"><video height=\"720\" style=\"aspect-ratio: 1280 \/ 720;\" width=\"1280\" controls src=\"https:\/\/corrientesdetarde.com\/wp-content\/uploads\/2024\/05\/Sigue-la-violencia-politica-_-Asesinan-a-candidato-Alfredo-Barrientos-en-Coyuca-de-Benitez-Guerrero.mp4\"><\/video><\/figure>\n","protected":false},"excerpt":{"rendered":"<p>Un&nbsp;candidato&nbsp;a alcalde de un distrito del sudoeste de&nbsp;M\u00e9xico&nbsp;fue&nbsp;asesinado&nbsp;a tiros en el acto de cierre de campa\u00f1a y se sum\u00f3 al largo listado de postulantes que fueron v\u00edctimas de la violencia&hellip; <\/p>\n","protected":false},"author":12,"featured_media":151335,"comment_status":"closed","ping_status":"open","sticky":false,"template":"","format":"standard","meta":{"footnotes":""},"categories":[11],"tags":[],"class_list":["post-151318","post","type-post","status-publish","format-standard","has-post-thumbnail","hentry","category-internacionales"],"_links":{"self":[{"href":"https:\/\/corrientesdetarde.com\/index.php\/wp-json\/wp\/v2\/posts\/151318","targetHints":{"allow":["GET"]}}],"collection":[{"href":"https:\/\/corrientesdetarde.com\/index.php\/wp-json\/wp\/v2\/posts"}],"about":[{"href":"https:\/\/corrientesdetarde.com\/index.php\/wp-json\/wp\/v2\/types\/post"}],"author":[{"embeddable":true,"href":"https:\/\/corrientesdetarde.com\/index.php\/wp-json\/wp\/v2\/users\/12"}],"replies":[{"embeddable":true,"href":"https:\/\/corrientesdetarde.com\/index.php\/wp-json\/wp\/v2\/comments?post=151318"}],"version-history":[{"count":1,"href":"https:\/\/corrientesdetarde.com\/index.php\/wp-json\/wp\/v2\/posts\/151318\/revisions"}],"predecessor-version":[{"id":151339,"href":"https:\/\/corrientesdetarde.com\/index.php\/wp-json\/wp\/v2\/posts\/151318\/revisions\/151339"}],"wp:featuredmedia":[{"embeddable":true,"href":"https:\/\/corrientesdetarde.com\/index.php\/wp-json\/wp\/v2\/media\/151335"}],"wp:attachment":[{"href":"https:\/\/corrientesdetarde.com\/index.php\/wp-json\/wp\/v2\/media?parent=151318"}],"wp:term":[{"taxonomy":"category","embeddable":true,"href":"https:\/\/corrientesdetarde.com\/index.php\/wp-json\/wp\/v2\/categories?post=151318"},{"taxonomy":"post_tag","embeddable":true,"href":"https:\/\/corrientesdetarde.com\/index.php\/wp-json\/wp\/v2\/tags?post=151318"}],"curies":[{"name":"wp","href":"https:\/\/api.w.org\/{rel}","templated":true}]}}