{"id":151320,"date":"2024-05-30T10:05:30","date_gmt":"2024-05-30T13:05:30","guid":{"rendered":"https:\/\/corrientesdetarde.com\/?p=151320"},"modified":"2024-05-30T10:05:33","modified_gmt":"2024-05-30T13:05:33","slug":"detenido-asi-trasladaban-al-peluquero-que-asesino-a-su-companero-en-recoleta","status":"publish","type":"post","link":"https:\/\/corrientesdetarde.com\/index.php\/policiales\/detenido-asi-trasladaban-al-peluquero-que-asesino-a-su-companero-en-recoleta\/","title":{"rendered":"Detenido: as\u00ed trasladaban al peluquero que asesin\u00f3 a su compa\u00f1ero en Recoleta"},"content":{"rendered":"\n<p>Abel Guzm\u00e1n, el\u00a0<strong>peluquero\u00a0<\/strong>que asesin\u00f3 a su compa\u00f1ero en un local de\u00a0<strong>Recoleta<\/strong>\u00a0en la Ciudad de Buenos Aires fue detenido el mi\u00e9rcoles por la tarde y\u00a0<strong>trasladado\u00a0<\/strong>en horas de la noche hacia una dependencia en el conurbano bonaerense.\u00a0\u00a0<\/p>\n\n\n\n<p>El estilista, que fue apresado en la calle Miserere al 4900 de Paso del Rey, en el partido de Moreno, luego de un llamado de alerta al 911,&nbsp;fue&nbsp;llevado a una dependencia de la polic\u00eda de la Provincia de Buenos Aires y desde all\u00ed fue&nbsp;<strong>trasladado&nbsp;<\/strong>a la central de la Polic\u00eda de la Ciudad en la calle Hornos 238. El hombre estaba pr\u00f3fugo desde el 20 de marzo tras el crimen de Germ\u00e1n Medina que qued\u00f3 registrado en las c\u00e1maras de seguridad de la peluquer\u00eda.<\/p>\n\n\n\n<p>Guzm\u00e1n fue llevado pasadas las 20 a la sede policial de Hornos 238, en la localidad de Barracas, luego de ser detenido tras ser reconocido por una vecina de la zona que dio aviso a las autoridades policiales.&nbsp;<\/p>\n\n\n\n<p>El d\u00eda del crimen, cuando ya hab\u00eda finalizado el d\u00eda de trabajo, los &nbsp;empleados de la&nbsp;<strong>peluquer\u00eda&nbsp;<\/strong>estaban sentados en ronda conversando&nbsp;cuando Guzm\u00e1n, de 43 a\u00f1os, comenz\u00f3 a discutir y le dispar\u00f3 en la cabeza al colorista Germ\u00e1n Medina.&nbsp;<\/p>\n\n\n\n<p>La v\u00edctima, de 33 a\u00f1os, fue trasladada\u00a0con vida por el SAME (Sistema de Atenci\u00f3n M\u00e9dica de Emergencias) al Hospital Fern\u00e1ndez, pero muri\u00f3 a los pocos minutos. Por su parte, Guzm\u00e1n huy\u00f3 por una ventana del local. Al d\u00eda siguiente, el Juzgado N\u00b048, a cargo del juez Javier S\u00e1nchez Sarmiento, firm\u00f3 el pedido de captura.\u00a0<\/p>\n\n\n\n<p>Durante diez semanas los investigadores de la Polic\u00eda de la Ciudad vigilaron y rastrearon las zonas de Merlo y Moreno, porque desde all\u00ed se activaron antenas de telefon\u00eda del celular del acusado y el rastreo de direcciones IP de Internet, entre otras acciones.&nbsp;<\/p>\n\n\n\n<p>La Brigada de la Divisi\u00f3n Homicidios y otra unidad operativa especializada en capturar pr\u00f3fugos llegaron as\u00ed a la vivienda en la que se hab\u00eda ocultado el&nbsp;<strong>peluquero&nbsp;<\/strong>y lo detuvieron.&nbsp;<\/p>\n","protected":false},"excerpt":{"rendered":"<p>Abel Guzm\u00e1n, el\u00a0peluquero\u00a0que asesin\u00f3 a su compa\u00f1ero en un local de\u00a0Recoleta\u00a0en la Ciudad de Buenos Aires fue detenido el mi\u00e9rcoles por la tarde y\u00a0trasladado\u00a0en horas de la noche hacia una&hellip; <\/p>\n","protected":false},"author":12,"featured_media":151331,"comment_status":"closed","ping_status":"open","sticky":false,"template":"","format":"standard","meta":{"footnotes":""},"categories":[33],"tags":[],"class_list":["post-151320","post","type-post","status-publish","format-standard","has-post-thumbnail","hentry","category-policiales"],"_links":{"self":[{"href":"https:\/\/corrientesdetarde.com\/index.php\/wp-json\/wp\/v2\/posts\/151320","targetHints":{"allow":["GET"]}}],"collection":[{"href":"https:\/\/corrientesdetarde.com\/index.php\/wp-json\/wp\/v2\/posts"}],"about":[{"href":"https:\/\/corrientesdetarde.com\/index.php\/wp-json\/wp\/v2\/types\/post"}],"author":[{"embeddable":true,"href":"https:\/\/corrientesdetarde.com\/index.php\/wp-json\/wp\/v2\/users\/12"}],"replies":[{"embeddable":true,"href":"https:\/\/corrientesdetarde.com\/index.php\/wp-json\/wp\/v2\/comments?post=151320"}],"version-history":[{"count":1,"href":"https:\/\/corrientesdetarde.com\/index.php\/wp-json\/wp\/v2\/posts\/151320\/revisions"}],"predecessor-version":[{"id":151332,"href":"https:\/\/corrientesdetarde.com\/index.php\/wp-json\/wp\/v2\/posts\/151320\/revisions\/151332"}],"wp:featuredmedia":[{"embeddable":true,"href":"https:\/\/corrientesdetarde.com\/index.php\/wp-json\/wp\/v2\/media\/151331"}],"wp:attachment":[{"href":"https:\/\/corrientesdetarde.com\/index.php\/wp-json\/wp\/v2\/media?parent=151320"}],"wp:term":[{"taxonomy":"category","embeddable":true,"href":"https:\/\/corrientesdetarde.com\/index.php\/wp-json\/wp\/v2\/categories?post=151320"},{"taxonomy":"post_tag","embeddable":true,"href":"https:\/\/corrientesdetarde.com\/index.php\/wp-json\/wp\/v2\/tags?post=151320"}],"curies":[{"name":"wp","href":"https:\/\/api.w.org\/{rel}","templated":true}]}}