{"id":151323,"date":"2024-05-30T10:00:31","date_gmt":"2024-05-30T13:00:31","guid":{"rendered":"https:\/\/corrientesdetarde.com\/?p=151323"},"modified":"2024-05-30T10:00:36","modified_gmt":"2024-05-30T13:00:36","slug":"aumento-auh-y-tarjeta-alimentar-anses-cuanto-se-cobra-en-junio","status":"publish","type":"post","link":"https:\/\/corrientesdetarde.com\/index.php\/sociales\/aumento-auh-y-tarjeta-alimentar-anses-cuanto-se-cobra-en-junio\/","title":{"rendered":"Aumento AUH y Tarjeta Alimentar ANSES: cu\u00e1nto se cobra en junio"},"content":{"rendered":"\n<p>Los titulares de la\u00a0<strong>Asignaci\u00f3n Universal por Hijo<\/strong>\u00a0(<strong>AUH<\/strong>)\u00a0y la\u00a0<strong>Tarjeta Alimentar<\/strong>\u00a0tendr\u00e1n aumentos a partir de junio en sus cobros que reciben del Ministerio de Capital Humano, emitidos por la Administraci\u00f3n Nacional de Seguridad Social (<strong>ANSES<\/strong>).<\/p>\n\n\n\n<p>A partir de junio, los beneficiarios de la&nbsp;<strong>AUH<\/strong>&nbsp;recibir\u00e1n&nbsp;<strong>$74.354<\/strong>&nbsp;por hijo. Adem\u00e1s, quienes acceden a la&nbsp;<strong>Tarjeta Alimentar<\/strong>&nbsp;cobrar\u00e1n el mes que viene:<\/p>\n\n\n\n<ul class=\"wp-block-list\">\n<li>Familias con\u00a0<strong>un hijo: $52.520;<\/strong><\/li>\n\n\n\n<li>Familias con\u00a0<strong>dos hijos: $81.936.<\/strong><\/li>\n\n\n\n<li>Familias con<strong>\u00a0tres o m\u00e1s hijos<\/strong>:\u00a0<strong>$108.062<\/strong>.<\/li>\n<\/ul>\n\n\n\n<h2 class=\"wp-block-heading\">AUH y Tarjeta Alimentar: cu\u00e1ndo cobro en junio de 2024<\/h2>\n\n\n\n<ul class=\"wp-block-list\">\n<li>DNI finalizados en 0:\u00a0<strong>lunes 10 de junio de 2024<\/strong>.<\/li>\n\n\n\n<li>DNI finalizados en 1:\u00a0<strong>martes 11 de junio de 2024<\/strong>.<\/li>\n\n\n\n<li>DNI finalizados en 2:\u00a0<strong>mi\u00e9rcoles 12 de junio de 2024<\/strong>.<\/li>\n\n\n\n<li>DNI finalizados en 3:\u00a0<strong>jueves 13 de junio de 2024<\/strong>.<\/li>\n\n\n\n<li>DNI finalizados en 4:\u00a0<strong>jueves 13 de junio de 2024<\/strong>.<\/li>\n\n\n\n<li>DNI finalizados en 5:\u00a0<strong>viernes 14 de junio de 2024<\/strong>.<\/li>\n\n\n\n<li>DNI finalizados en 6:\u00a0<strong>martes 18 de junio de 2024<\/strong>.<\/li>\n\n\n\n<li>DNI finalizados en 7:\u00a0<strong>martes 18 de junio de 2024<\/strong>.<\/li>\n\n\n\n<li>DNI finalizados en 8:\u00a0<strong>mi\u00e9rcoles 19 de junio de 2024<\/strong>.<\/li>\n\n\n\n<li>DNI finalizados en 9:\u00a0<strong>mi\u00e9rcoles 19 de junio de 2024<\/strong>.<\/li>\n\n\n\n<li><\/li>\n<\/ul>\n\n\n\n<h2 class=\"wp-block-heading\">Cu\u00e1les son los requisitos para cobrar AUH en junio de 2024<\/h2>\n\n\n\n<p><strong>De la madre, padre o titular a cargo:<\/strong><\/p>\n\n\n\n<ul class=\"wp-block-list\">\n<li>Ser argentino y residir en el pa\u00eds. Si sos extranjero o naturalizado, deb\u00e9s tener como m\u00ednimo 2 a\u00f1os de residencia.<\/li>\n<\/ul>\n\n\n\n<p><strong>Del hijo:<\/strong><\/p>\n\n\n\n<ul class=\"wp-block-list\">\n<li><strong>Ser menor de 18 a\u00f1os.<\/strong>\u00a0No hay l\u00edmite de edad en caso de\u00a0hijo con discapacidad.<\/li>\n\n\n\n<li><strong>Ser soltero.<\/strong><\/li>\n<\/ul>\n\n\n\n<h2 class=\"wp-block-heading\">Qui\u00e9nes cobran la Tarjeta Alimentar ANSES en junio de 2024<\/h2>\n\n\n\n<p>A su vez, el beneficio de la&nbsp;<strong>Tarjeta Alimentar<\/strong>&nbsp;es autom\u00e1tico para personas:<\/p>\n\n\n\n<ul class=\"wp-block-list\">\n<li>que\u00a0<strong>cobren la Asignaci\u00f3n Universal por Hijo (AUH)<\/strong>, con hijos de hasta 14 a\u00f1os inclusive;<\/li>\n\n\n\n<li><strong>embarazadas a partir de los 3 meses\u00a0<\/strong>que cobren la Asignaci\u00f3n por Embarazo (<strong>AUE<\/strong>) para Protecci\u00f3n Social;<\/li>\n\n\n\n<li>con\u00a0<strong>hijos con discapacidad<\/strong>\u00a0que cobren la Asignaci\u00f3n Universal por Hijo (<strong>AUH<\/strong>), sin l\u00edmite de edad;<\/li>\n\n\n\n<li><strong>madres\u00a0<\/strong>que perciben una\u00a0<strong>Pensi\u00f3n No Contributiva (PNC)<\/strong>\u00a0para Madre de 7 hijos<\/li>\n<\/ul>\n","protected":false},"excerpt":{"rendered":"<p>Los titulares de la\u00a0Asignaci\u00f3n Universal por Hijo\u00a0(AUH)\u00a0y la\u00a0Tarjeta Alimentar\u00a0tendr\u00e1n aumentos a partir de junio en sus cobros que reciben del Ministerio de Capital Humano, emitidos por la Administraci\u00f3n Nacional de&hellip; <\/p>\n","protected":false},"author":12,"featured_media":151327,"comment_status":"closed","ping_status":"open","sticky":false,"template":"","format":"standard","meta":{"footnotes":""},"categories":[17],"tags":[],"class_list":["post-151323","post","type-post","status-publish","format-standard","has-post-thumbnail","hentry","category-sociales"],"_links":{"self":[{"href":"https:\/\/corrientesdetarde.com\/index.php\/wp-json\/wp\/v2\/posts\/151323","targetHints":{"allow":["GET"]}}],"collection":[{"href":"https:\/\/corrientesdetarde.com\/index.php\/wp-json\/wp\/v2\/posts"}],"about":[{"href":"https:\/\/corrientesdetarde.com\/index.php\/wp-json\/wp\/v2\/types\/post"}],"author":[{"embeddable":true,"href":"https:\/\/corrientesdetarde.com\/index.php\/wp-json\/wp\/v2\/users\/12"}],"replies":[{"embeddable":true,"href":"https:\/\/corrientesdetarde.com\/index.php\/wp-json\/wp\/v2\/comments?post=151323"}],"version-history":[{"count":1,"href":"https:\/\/corrientesdetarde.com\/index.php\/wp-json\/wp\/v2\/posts\/151323\/revisions"}],"predecessor-version":[{"id":151328,"href":"https:\/\/corrientesdetarde.com\/index.php\/wp-json\/wp\/v2\/posts\/151323\/revisions\/151328"}],"wp:featuredmedia":[{"embeddable":true,"href":"https:\/\/corrientesdetarde.com\/index.php\/wp-json\/wp\/v2\/media\/151327"}],"wp:attachment":[{"href":"https:\/\/corrientesdetarde.com\/index.php\/wp-json\/wp\/v2\/media?parent=151323"}],"wp:term":[{"taxonomy":"category","embeddable":true,"href":"https:\/\/corrientesdetarde.com\/index.php\/wp-json\/wp\/v2\/categories?post=151323"},{"taxonomy":"post_tag","embeddable":true,"href":"https:\/\/corrientesdetarde.com\/index.php\/wp-json\/wp\/v2\/tags?post=151323"}],"curies":[{"name":"wp","href":"https:\/\/api.w.org\/{rel}","templated":true}]}}