{"id":151340,"date":"2024-05-30T10:30:03","date_gmt":"2024-05-30T13:30:03","guid":{"rendered":"https:\/\/corrientesdetarde.com\/?p=151340"},"modified":"2024-05-30T10:30:07","modified_gmt":"2024-05-30T13:30:07","slug":"corrientes-celebrara-la-semana-de-la-cultura-italianacon-multiples-propuestas","status":"publish","type":"post","link":"https:\/\/corrientesdetarde.com\/index.php\/locales\/corrientes-celebrara-la-semana-de-la-cultura-italianacon-multiples-propuestas\/","title":{"rendered":"Corrientes celebrar\u00e1 la Semana de la Cultura Italianacon m\u00faltiples propuestas"},"content":{"rendered":"\n<p><br><br><em>Del 2 al 8 de junio, con el apoyo municipal y provincial, se realizar\u00e1n actividades culturales, educativas y gastron\u00f3micas totalmente gratuitas. De esta manera, se rendir\u00e1 tributo la herencia y tradici\u00f3n italiana en Corrientes.<\/em><\/p>\n\n\n\n<p>En su continuo esfuerzo por promover la diversidad cultural, la Municipalidad de Corrientes, junto al Instituto de Cultura de la Provincia y la Sociedad Italiana Dante Alighieri, anunci\u00f3 la segunda edici\u00f3n de la Semana de la Cultura Italiana. Este evento, que se llevar\u00e1 a cabo del 2 al 8 de junio, promete ser una gran celebraci\u00f3n de la rica herencia italiana que dej\u00f3 una marca indeleble en la ciudad y el pa\u00eds.<br><br>En el acto de lanzamiento realizado hoy en el Centro Cultural Adolfo Mors, el viceintendente Emilio Lanari expres\u00f3 su entusiasmo y destac\u00f3 la importancia de la influencia italiana en Corrientes y Argentina. &#8220;Estamos haciendo la presentaci\u00f3n de la segunda Semana de la Cultura Italiana. El a\u00f1o pasado tuvo un \u00e9xito rotundo. Esta herencia nos cambi\u00f3 en muchos aspectos: educaci\u00f3n, arquitectura, m\u00fasica, gastronom\u00eda. Los inmigrantes italianos dejaron una huella profunda y su trabajo ayud\u00f3 a construir la Argentina que conocemos hoy&#8221;, coment\u00f3. Adem\u00e1s, invit\u00f3 a toda la comunidad a participar en las diversas actividades programadas.<br><br>En tanto, Jos\u00e9 Sand, secretario de Cultura y Educaci\u00f3n del Municipio, enfatiz\u00f3 el compromiso de la Municipalidad con la celebraci\u00f3n cultural: &#8220;Estamos muy felices de adherirnos a esta celebraci\u00f3n. Con mucho esfuerzo y compromiso, hemos generado un evento que ya forma parte de la agenda de la ciudad, fortaleciendo as\u00ed el concepto de Corrientes como Ciudad de Eventos. Invitamos a toda la comunidad a sumarse y disfrutar de la cultura italiana&#8221;, afirm\u00f3.<br><br>Por su parte, Eduardo S\u00edvori, representante del Instituto de Cultura de la Provincia, destac\u00f3 el car\u00e1cter abarcativo del evento: &#8220;Estamos anunciando con gran orgullo la realizaci\u00f3n de la segunda Semana de la Cultura Italiana en Corrientes. Este evento abarca todos los aspectos de la cultura italiana, no solo lo art\u00edstico, sino tambi\u00e9n la ciencia, educaci\u00f3n, producci\u00f3n y comercio. Es una oferta enorme para que toda la familia disfrute&#8221;.<br><br>Asimismo, Giancarlo Perversi, presidente de la Societ\u00e0 Dante Alighieri Comitato di Corrientes, agradeci\u00f3 el apoyo institucional: &#8220;Gracias al acompa\u00f1amiento de las instituciones correntinas, estamos aqu\u00ed para proponer una nueva Semana de la Cultura Italiana. Involucramos a distintas municipalidades y asociaciones para ofrecer un panel importante de lo que es la cultura italiana a nivel cultural, empresarial y acad\u00e9mico. Invit\u00f3 a todos el 2 de junio a celebrar el D\u00eda de la Rep\u00fablica Italiana en la Plaza de Italia&#8221;.<br><br>ACTIVIDADES<br><br>El domingo 2 de junio, a las 16, en la plazoleta Italia ( Av. Italia entre F. J. de la Quintana y Pl\u00e1cido Mart\u00ednez) se realizar\u00e1 un tributo a italianos ilustres de la comunidad. Luego, a las 17, se llevar\u00e1 adelante un festival popular en el parque Camba Cu\u00e1, con m\u00fasica, danzas t\u00edpicas y gastronom\u00eda.<br><br>El lunes 3 se inaugurar\u00e1, a las 20.30, en Casa Molinas, museo de sitio hist\u00f3rico y arqueol\u00f3gico (Carlos Pellegrini 937), la muestra: &#8220;Legado notaf\u00edlico y numism\u00e1tico de Italia: del reinado a la rep\u00fablica&#8221; con la exposici\u00f3n de: Rolando Walter Marinucci y Rolando Renato Testolino. La muestra podr\u00e1 ser visitada hasta el domingo 9 de junio.<br><br>El martes, en tanto, se inaugurar\u00e1, a las 20, en la Sala Adolfo Mors ( Carlos Pellegrini 542) una exposici\u00f3n colectiva de Luciana De Finis, Mariana Di Santi y Susana Beatriz Cornaglia.<br><br>El jueves 6, a las 10, en la Biblioteca Recreativa El Palomar, \u201cMario Albino Casco\u201d se homenajear\u00e1 a escritores con linaje italiano: Edgardo Gagliardone, Laura Cejas Lacava, Miguel Recupero, Ernesto Gast\u00f3n Sibila, Marcelo Julian Sibila, Dina Alicia Cocco, Norma Isabel Bruno, Mar\u00eda Catalina Zini, Antonio Morlio y Viviana Graciela Musimessi. A las 19, en tanto, Alejandra Fern\u00e1ndez disertar\u00e1 en el Centro Cultural Adolfo Mors&nbsp;&nbsp;(Carlos Pellegrini 542) sobre \u201cAdolfo Aurelio Mors\u201d.<\/p>\n\n\n\n<p><\/p>\n\n\n\n<figure class=\"wp-block-gallery has-nested-images columns-default is-cropped wp-block-gallery-1 is-layout-flex wp-block-gallery-is-layout-flex\">\n<figure class=\"wp-block-image size-large\"><img loading=\"lazy\" decoding=\"async\" width=\"800\" height=\"533\" data-id=\"151355\" src=\"https:\/\/corrientesdetarde.com\/wp-content\/uploads\/2024\/05\/5917ece8-e0b7-cce5-446d-82ac0bf66fd1.jpeg\" alt=\"\" class=\"wp-image-151355\" srcset=\"https:\/\/corrientesdetarde.com\/wp-content\/uploads\/2024\/05\/5917ece8-e0b7-cce5-446d-82ac0bf66fd1.jpeg 800w, https:\/\/corrientesdetarde.com\/wp-content\/uploads\/2024\/05\/5917ece8-e0b7-cce5-446d-82ac0bf66fd1-300x200.jpeg 300w, https:\/\/corrientesdetarde.com\/wp-content\/uploads\/2024\/05\/5917ece8-e0b7-cce5-446d-82ac0bf66fd1-768x512.jpeg 768w\" sizes=\"auto, (max-width: 800px) 100vw, 800px\" \/><\/figure>\n\n\n\n<figure class=\"wp-block-image size-large\"><img loading=\"lazy\" decoding=\"async\" width=\"800\" height=\"533\" data-id=\"151356\" src=\"https:\/\/corrientesdetarde.com\/wp-content\/uploads\/2024\/05\/6414f8fc-9788-5c3e-843d-873239509927.jpeg\" alt=\"\" class=\"wp-image-151356\" srcset=\"https:\/\/corrientesdetarde.com\/wp-content\/uploads\/2024\/05\/6414f8fc-9788-5c3e-843d-873239509927.jpeg 800w, https:\/\/corrientesdetarde.com\/wp-content\/uploads\/2024\/05\/6414f8fc-9788-5c3e-843d-873239509927-300x200.jpeg 300w, https:\/\/corrientesdetarde.com\/wp-content\/uploads\/2024\/05\/6414f8fc-9788-5c3e-843d-873239509927-768x512.jpeg 768w\" sizes=\"auto, (max-width: 800px) 100vw, 800px\" \/><\/figure>\n<\/figure>\n","protected":false},"excerpt":{"rendered":"<p>Del 2 al 8 de junio, con el apoyo municipal y provincial, se realizar\u00e1n actividades culturales, educativas y gastron\u00f3micas totalmente gratuitas. De esta manera, se rendir\u00e1 tributo la herencia y&hellip; <\/p>\n","protected":false},"author":12,"featured_media":151355,"comment_status":"closed","ping_status":"open","sticky":false,"template":"","format":"standard","meta":{"footnotes":""},"categories":[15,8],"tags":[],"class_list":["post-151340","post","type-post","status-publish","format-standard","has-post-thumbnail","hentry","category-cultura","category-locales"],"_links":{"self":[{"href":"https:\/\/corrientesdetarde.com\/index.php\/wp-json\/wp\/v2\/posts\/151340","targetHints":{"allow":["GET"]}}],"collection":[{"href":"https:\/\/corrientesdetarde.com\/index.php\/wp-json\/wp\/v2\/posts"}],"about":[{"href":"https:\/\/corrientesdetarde.com\/index.php\/wp-json\/wp\/v2\/types\/post"}],"author":[{"embeddable":true,"href":"https:\/\/corrientesdetarde.com\/index.php\/wp-json\/wp\/v2\/users\/12"}],"replies":[{"embeddable":true,"href":"https:\/\/corrientesdetarde.com\/index.php\/wp-json\/wp\/v2\/comments?post=151340"}],"version-history":[{"count":1,"href":"https:\/\/corrientesdetarde.com\/index.php\/wp-json\/wp\/v2\/posts\/151340\/revisions"}],"predecessor-version":[{"id":151357,"href":"https:\/\/corrientesdetarde.com\/index.php\/wp-json\/wp\/v2\/posts\/151340\/revisions\/151357"}],"wp:featuredmedia":[{"embeddable":true,"href":"https:\/\/corrientesdetarde.com\/index.php\/wp-json\/wp\/v2\/media\/151355"}],"wp:attachment":[{"href":"https:\/\/corrientesdetarde.com\/index.php\/wp-json\/wp\/v2\/media?parent=151340"}],"wp:term":[{"taxonomy":"category","embeddable":true,"href":"https:\/\/corrientesdetarde.com\/index.php\/wp-json\/wp\/v2\/categories?post=151340"},{"taxonomy":"post_tag","embeddable":true,"href":"https:\/\/corrientesdetarde.com\/index.php\/wp-json\/wp\/v2\/tags?post=151340"}],"curies":[{"name":"wp","href":"https:\/\/api.w.org\/{rel}","templated":true}]}}