{"id":151341,"date":"2024-05-30T10:48:04","date_gmt":"2024-05-30T13:48:04","guid":{"rendered":"https:\/\/corrientesdetarde.com\/?p=151341"},"modified":"2024-05-30T10:48:07","modified_gmt":"2024-05-30T13:48:07","slug":"aluvion-de-clientes-por-el-anuncio-del-cierre-de-un-comercio-centrico","status":"publish","type":"post","link":"https:\/\/corrientesdetarde.com\/index.php\/informacion-general\/aluvion-de-clientes-por-el-anuncio-del-cierre-de-un-comercio-centrico\/","title":{"rendered":"ALUVI\u00d3N DE CLIENTES POR EL ANUNCIO DEL CIERRE DE UN COMERCIO C\u00c9NTRICO"},"content":{"rendered":"\n<p>El anuncio de cierre de un conocido comercio en el centro de la ciudad gener\u00f3 un gran revuelo y se viraliz\u00f3 r\u00e1pidamente. La tienda, ubicada en la peatonal Jun\u00edn casi San Juan, comunic\u00f3 que cerrar\u00eda sus puertas y ofrec\u00eda descuentos de hasta el 50% en todos sus productos. El impacto fue inmediato, con miles de correntinos abarrotando el establecimiento.<\/p>\n\n\n\n<p>La estrategia de marketing funcion\u00f3 a la perfecci\u00f3n, provocando largas filas en las cajas y generando demoras significativas. &#8220;Liquidaci\u00f3n del 50% en todos los productos, por cierre&#8221;, rezaban los carteles que cubr\u00edan las puertas del comercio.<\/p>\n\n\n\n<p>Este establecimiento de ropa, con una presencia en Corrientes que se remonta a muchos a\u00f1os, no se despide definitivamente. En realidad, el cierre temporal es para llevar a cabo remodelaciones y ampliaciones del local, con el objetivo de incorporar nuevos rubros a su oferta. Adem\u00e1s, se anunci\u00f3 que habr\u00e1 nuevas oportunidades laborales para los correntinos.<\/p>\n\n\n\n<p>Las renovaciones se completar\u00e1n para septiembre. Mientras tanto, los empleados trabajar\u00e1n a puertas cerradas, embalando y organizando todo. En agosto, disfrutar\u00e1n de sus vacaciones, y en septiembre, el comercio reabrir\u00e1 sus puertas con una reinauguraci\u00f3n oficial.<\/p>\n\n\n\n<figure class=\"wp-block-image size-full\"><img loading=\"lazy\" decoding=\"async\" width=\"250\" height=\"140\" src=\"https:\/\/corrientesdetarde.com\/wp-content\/uploads\/2024\/05\/714465_tb-1.jpg\" alt=\"\" class=\"wp-image-151370\"\/><\/figure>\n","protected":false},"excerpt":{"rendered":"<p>El anuncio de cierre de un conocido comercio en el centro de la ciudad gener\u00f3 un gran revuelo y se viraliz\u00f3 r\u00e1pidamente. La tienda, ubicada en la peatonal Jun\u00edn casi&hellip; <\/p>\n","protected":false},"author":12,"featured_media":151369,"comment_status":"closed","ping_status":"open","sticky":false,"template":"","format":"standard","meta":{"footnotes":""},"categories":[1],"tags":[],"class_list":["post-151341","post","type-post","status-publish","format-standard","has-post-thumbnail","hentry","category-informacion-general"],"_links":{"self":[{"href":"https:\/\/corrientesdetarde.com\/index.php\/wp-json\/wp\/v2\/posts\/151341","targetHints":{"allow":["GET"]}}],"collection":[{"href":"https:\/\/corrientesdetarde.com\/index.php\/wp-json\/wp\/v2\/posts"}],"about":[{"href":"https:\/\/corrientesdetarde.com\/index.php\/wp-json\/wp\/v2\/types\/post"}],"author":[{"embeddable":true,"href":"https:\/\/corrientesdetarde.com\/index.php\/wp-json\/wp\/v2\/users\/12"}],"replies":[{"embeddable":true,"href":"https:\/\/corrientesdetarde.com\/index.php\/wp-json\/wp\/v2\/comments?post=151341"}],"version-history":[{"count":1,"href":"https:\/\/corrientesdetarde.com\/index.php\/wp-json\/wp\/v2\/posts\/151341\/revisions"}],"predecessor-version":[{"id":151371,"href":"https:\/\/corrientesdetarde.com\/index.php\/wp-json\/wp\/v2\/posts\/151341\/revisions\/151371"}],"wp:featuredmedia":[{"embeddable":true,"href":"https:\/\/corrientesdetarde.com\/index.php\/wp-json\/wp\/v2\/media\/151369"}],"wp:attachment":[{"href":"https:\/\/corrientesdetarde.com\/index.php\/wp-json\/wp\/v2\/media?parent=151341"}],"wp:term":[{"taxonomy":"category","embeddable":true,"href":"https:\/\/corrientesdetarde.com\/index.php\/wp-json\/wp\/v2\/categories?post=151341"},{"taxonomy":"post_tag","embeddable":true,"href":"https:\/\/corrientesdetarde.com\/index.php\/wp-json\/wp\/v2\/tags?post=151341"}],"curies":[{"name":"wp","href":"https:\/\/api.w.org\/{rel}","templated":true}]}}