{"id":151342,"date":"2024-05-30T10:45:49","date_gmt":"2024-05-30T13:45:49","guid":{"rendered":"https:\/\/corrientesdetarde.com\/?p=151342"},"modified":"2024-05-30T10:45:52","modified_gmt":"2024-05-30T13:45:52","slug":"los-detenidos-por-el-asesinato-de-la-menor-son-hermanos","status":"publish","type":"post","link":"https:\/\/corrientesdetarde.com\/index.php\/policiales\/los-detenidos-por-el-asesinato-de-la-menor-son-hermanos\/","title":{"rendered":"LOS DETENIDOS POR EL ASESINATO DE LA MENOR, SON HERMANOS"},"content":{"rendered":"\n<p>Trascendi\u00f3 que dentro de las familias que conviven en el asentamiento en Monte Caseros aparentemente los tres sujetos&nbsp;&nbsp;detenidos son un hombre de 30, otro de 27 y un menor de 17 a\u00f1os, quienes son hermanos entre s\u00ed, todos de apellido Esp\u00edndola son oriundos de La Matanza, Buenos Aires.<\/p>\n\n\n\n<p>&nbsp;En la zona se despleg\u00f3 un importante operativo policial para recuperar y analizar el cuerpo. En el lugar se hizo presente la m\u00e9dica forense y la fiscal de Instrucci\u00f3n de Monte Caseros, Clara Bel\u00e9n Arr\u00faa.<\/p>\n\n\n\n<p><br>Seg\u00fan los primeros datos de la investigaci\u00f3n el cuerpo encontrado de la menor presentaba signos de abuso sexual. La fiscal dijo ante los medios locales que &#8220;los principales sospechosos y posibles autores est\u00e1n detenidos, queremos llevar esa tranquilidad. Se est\u00e1n recabando las evidencias suficientes para llegar a la soluci\u00f3n del caso&#8221;.<\/p>\n\n\n\n<p><br>&#8220;El cuerpo de la menor ser\u00e1 trasladado a Paso de los Libres. Se est\u00e1n haciendo todos los peritajes. Ahora vamos a entrevistar a los testigos y queremos hacerlo lo m\u00e1s r\u00e1pido posible para tener fresca la memoria de los mismo y que sus testimonios sean realmente importantes y relevantes&#8221;, sostuvo la fiscal.<\/p>\n\n\n\n<p><br>Consultada sobre cu\u00e1l ser\u00eda la car\u00e1tula de la causa expres\u00f3, &#8220;por el momento la car\u00e1tula ser\u00eda \u2018abuso sexual gravemente ultrajante, doblemente agravado seguido de muerte\u2019, esto es provisorio porque debido a que el hecho es muy reciente y a\u00fan no se puede dar una calificaci\u00f3n, todav\u00eda hay cosas por hacer&#8221;.<\/p>\n\n\n\n<p><strong>EL HECHO&nbsp;<\/strong><\/p>\n\n\n\n<p><br>El espeluznante hallazgo fue ayer en horas de la ma\u00f1ana un vecino encontr\u00f3 el cuerpo de la menor de 13 a\u00f1os identificada como Milagros Espinosa, en el Barrio Florida por calle Mendoza al fondo a orillas del arroyo Mamang\u00e1 en la mencionada localidad.&nbsp;<\/p>\n","protected":false},"excerpt":{"rendered":"<p>Trascendi\u00f3 que dentro de las familias que conviven en el asentamiento en Monte Caseros aparentemente los tres sujetos&nbsp;&nbsp;detenidos son un hombre de 30, otro de 27 y un menor de&hellip; <\/p>\n","protected":false},"author":12,"featured_media":151366,"comment_status":"closed","ping_status":"open","sticky":false,"template":"","format":"standard","meta":{"footnotes":""},"categories":[33],"tags":[],"class_list":["post-151342","post","type-post","status-publish","format-standard","has-post-thumbnail","hentry","category-policiales"],"_links":{"self":[{"href":"https:\/\/corrientesdetarde.com\/index.php\/wp-json\/wp\/v2\/posts\/151342","targetHints":{"allow":["GET"]}}],"collection":[{"href":"https:\/\/corrientesdetarde.com\/index.php\/wp-json\/wp\/v2\/posts"}],"about":[{"href":"https:\/\/corrientesdetarde.com\/index.php\/wp-json\/wp\/v2\/types\/post"}],"author":[{"embeddable":true,"href":"https:\/\/corrientesdetarde.com\/index.php\/wp-json\/wp\/v2\/users\/12"}],"replies":[{"embeddable":true,"href":"https:\/\/corrientesdetarde.com\/index.php\/wp-json\/wp\/v2\/comments?post=151342"}],"version-history":[{"count":1,"href":"https:\/\/corrientesdetarde.com\/index.php\/wp-json\/wp\/v2\/posts\/151342\/revisions"}],"predecessor-version":[{"id":151367,"href":"https:\/\/corrientesdetarde.com\/index.php\/wp-json\/wp\/v2\/posts\/151342\/revisions\/151367"}],"wp:featuredmedia":[{"embeddable":true,"href":"https:\/\/corrientesdetarde.com\/index.php\/wp-json\/wp\/v2\/media\/151366"}],"wp:attachment":[{"href":"https:\/\/corrientesdetarde.com\/index.php\/wp-json\/wp\/v2\/media?parent=151342"}],"wp:term":[{"taxonomy":"category","embeddable":true,"href":"https:\/\/corrientesdetarde.com\/index.php\/wp-json\/wp\/v2\/categories?post=151342"},{"taxonomy":"post_tag","embeddable":true,"href":"https:\/\/corrientesdetarde.com\/index.php\/wp-json\/wp\/v2\/tags?post=151342"}],"curies":[{"name":"wp","href":"https:\/\/api.w.org\/{rel}","templated":true}]}}