{"id":151345,"date":"2024-05-30T10:16:21","date_gmt":"2024-05-30T13:16:21","guid":{"rendered":"https:\/\/corrientesdetarde.com\/?p=151345"},"modified":"2024-05-30T10:16:24","modified_gmt":"2024-05-30T13:16:24","slug":"decretan-feriado-el-lunes-3-de-junio-quienes-tendran-un-fin-de-semana-largo","status":"publish","type":"post","link":"https:\/\/corrientesdetarde.com\/index.php\/informacion-general\/decretan-feriado-el-lunes-3-de-junio-quienes-tendran-un-fin-de-semana-largo\/","title":{"rendered":"Decretan feriado el lunes 3 de junio: \u00bfqui\u00e9nes tendr\u00e1n un fin de semana largo?"},"content":{"rendered":"\n<p>Tras el reciente descanso por el &#8220;D\u00eda de la Revoluci\u00f3n de Mayo&#8221; el pasado 25 de mayo, un grupo de\u00a0trabajadores\u00a0se prepara\u00a0para disfrutar de un nuevo d\u00eda de descanso y un<strong>\u00a0fin de semana largo<\/strong>. Este\u00a0<strong>feriado<\/strong>\u00a0adicional, fuera del calendario nacional de\u00a0<strong>feriados<\/strong>, es una oportunidad especial para los residentes de una zona de la provincia de Buenos Aires.<\/p>\n\n\n\n<h2 class=\"wp-block-heading\">Qui\u00e9nes tendr\u00e1n feriado este lunes 3 de mayo<\/h2>\n\n\n\n<p>El lunes 3 de&nbsp;<strong>junio<\/strong>&nbsp;ser\u00e1&nbsp;<strong>feriado<\/strong>&nbsp;en la localidad de Ascensi\u00f3n, en el partido de General Arenales debido a la celebraci\u00f3n de las fiestas patronales. Este d\u00eda es significativo para la comunidad, permiti\u00e9ndoles honrar sus tradiciones y festividades locales.<\/p>\n\n\n\n<p>La cercan\u00eda con el fin de semana, compuesto por el s\u00e1bado 1\u00b0 y domingo 2 de\u00a0<strong>junio<\/strong>, brinda a los habitantes un extenso descanso, formando un\u00a0<strong>feriado<\/strong>\u00a0adicional y un\u00a0<strong>fin de semana largo<\/strong>\u00a0que muchos aprovechar\u00e1n para descansar o realizar actividades recreativas.\u00a0<\/p>\n\n\n\n<figure class=\"wp-block-image\"><img decoding=\"async\" src=\"https:\/\/www.mdzol.com\/u\/fotografias\/m\/2024\/5\/16\/f768x400-1595340_1639243_6865.jpg\" alt=\"\"\/><figcaption class=\"wp-element-caption\">Para la localidad de Ascensi\u00f3n, en el partido de General Arenales ser\u00e1 feriado este lunes 3 de junio. (Foto: Archivo MDZ).<\/figcaption><\/figure>\n\n\n\n<h2 class=\"wp-block-heading\">Cu\u00e1ndo es el pr\u00f3ximo feriado en Argentina<\/h2>\n\n\n\n<p>Para quienes ya est\u00e9n pensando en el pr\u00f3ximo feriado a nivel nacional, el lunes 17 de&nbsp;<strong>junio<\/strong>&nbsp;ser\u00e1 el siguiente d\u00eda de descanso en Argentina. Este feriado conmemora al General Don Mart\u00edn de G\u00fcemes, un destacado h\u00e9roe nacional. Esta fecha tambi\u00e9n ofrecer\u00e1 un&nbsp;<strong>fin de semana largo<\/strong>&nbsp;para todos los trabajadores y estudiantes del pa\u00eds, permitiendo una pausa en sus actividades cotidianas.<\/p>\n\n\n\n<h3 class=\"wp-block-heading\">Feriados inamovibles:<\/h3>\n\n\n\n<ul class=\"wp-block-list\">\n<li>1 de enero: A\u00f1o Nuevo.<\/li>\n\n\n\n<li>12 de febrero: Carnaval.<\/li>\n\n\n\n<li>13 de febrero: Carnaval.<\/li>\n\n\n\n<li>24 de marzo: D\u00eda Nacional de la Memoria por la Verdad y la Justicia.<\/li>\n\n\n\n<li>29 de marzo: Viernes Santo.<\/li>\n\n\n\n<li>2 de abril: D\u00eda del Veterano y de los Ca\u00eddos en la Guerra de Malvinas.<\/li>\n\n\n\n<li>1 de mayo: D\u00eda del Trabajo.<\/li>\n\n\n\n<li>25 de mayo: D\u00eda de la Revoluci\u00f3n de Mayo.<\/li>\n\n\n\n<li>20 de\u00a0<strong>junio<\/strong>: Paso a la Inmortalidad del General Don Manuel Belgrano.<\/li>\n\n\n\n<li>9 de julio: D\u00eda de la Independencia.<\/li>\n\n\n\n<li>8 de diciembre: D\u00eda de la Inmaculada Concepci\u00f3n de Mar\u00eda.<\/li>\n\n\n\n<li>25 de diciembre: Navidad.<\/li>\n<\/ul>\n\n\n\n<h3 class=\"wp-block-heading\">Feriados trasladables:<\/h3>\n\n\n\n<ul class=\"wp-block-list\">\n<li>17 de\u00a0<strong>junio<\/strong>: Paso a la Inmortalidad del General Don Mart\u00edn Miguel de G\u00fcemes.<\/li>\n\n\n\n<li>17 de agosto: Paso a la Inmortalidad del General Don Jos\u00e9 de San Mart\u00edn.<\/li>\n\n\n\n<li>12 de octubre: D\u00eda del Respeto a la Diversidad Cultural.<\/li>\n\n\n\n<li>20 de noviembre: D\u00eda de la Soberan\u00eda Nacional.<\/li>\n<\/ul>\n\n\n\n<h3 class=\"wp-block-heading\">Feriados con fines tur\u00edsticos<\/h3>\n\n\n\n<ul class=\"wp-block-list\">\n<li>1 de abril, previo al 2 de abril por D\u00eda del Veterano y de los Ca\u00eddos en la Guerra de Malvinas.<\/li>\n\n\n\n<li>21 de\u00a0<strong>junio<\/strong>\u00a0por el Paso a la Inmortalidad del General Manuel Belgrano.<\/li>\n\n\n\n<li>11 de octubre, en la previa del D\u00eda del Respeto a la Diversidad Cultural.<\/li>\n<\/ul>\n","protected":false},"excerpt":{"rendered":"<p>Tras el reciente descanso por el &#8220;D\u00eda de la Revoluci\u00f3n de Mayo&#8221; el pasado 25 de mayo, un grupo de\u00a0trabajadores\u00a0se prepara\u00a0para disfrutar de un nuevo d\u00eda de descanso y un\u00a0fin&hellip; <\/p>\n","protected":false},"author":12,"featured_media":151346,"comment_status":"closed","ping_status":"open","sticky":false,"template":"","format":"standard","meta":{"footnotes":""},"categories":[1],"tags":[],"class_list":["post-151345","post","type-post","status-publish","format-standard","has-post-thumbnail","hentry","category-informacion-general"],"_links":{"self":[{"href":"https:\/\/corrientesdetarde.com\/index.php\/wp-json\/wp\/v2\/posts\/151345","targetHints":{"allow":["GET"]}}],"collection":[{"href":"https:\/\/corrientesdetarde.com\/index.php\/wp-json\/wp\/v2\/posts"}],"about":[{"href":"https:\/\/corrientesdetarde.com\/index.php\/wp-json\/wp\/v2\/types\/post"}],"author":[{"embeddable":true,"href":"https:\/\/corrientesdetarde.com\/index.php\/wp-json\/wp\/v2\/users\/12"}],"replies":[{"embeddable":true,"href":"https:\/\/corrientesdetarde.com\/index.php\/wp-json\/wp\/v2\/comments?post=151345"}],"version-history":[{"count":1,"href":"https:\/\/corrientesdetarde.com\/index.php\/wp-json\/wp\/v2\/posts\/151345\/revisions"}],"predecessor-version":[{"id":151347,"href":"https:\/\/corrientesdetarde.com\/index.php\/wp-json\/wp\/v2\/posts\/151345\/revisions\/151347"}],"wp:featuredmedia":[{"embeddable":true,"href":"https:\/\/corrientesdetarde.com\/index.php\/wp-json\/wp\/v2\/media\/151346"}],"wp:attachment":[{"href":"https:\/\/corrientesdetarde.com\/index.php\/wp-json\/wp\/v2\/media?parent=151345"}],"wp:term":[{"taxonomy":"category","embeddable":true,"href":"https:\/\/corrientesdetarde.com\/index.php\/wp-json\/wp\/v2\/categories?post=151345"},{"taxonomy":"post_tag","embeddable":true,"href":"https:\/\/corrientesdetarde.com\/index.php\/wp-json\/wp\/v2\/tags?post=151345"}],"curies":[{"name":"wp","href":"https:\/\/api.w.org\/{rel}","templated":true}]}}