{"id":151361,"date":"2024-05-30T11:09:59","date_gmt":"2024-05-30T14:09:59","guid":{"rendered":"https:\/\/corrientesdetarde.com\/?p=151361"},"modified":"2024-05-30T11:10:04","modified_gmt":"2024-05-30T14:10:04","slug":"el-senado-llego-a-la-escuela-de-isla-apipe","status":"publish","type":"post","link":"https:\/\/corrientesdetarde.com\/index.php\/interior\/el-senado-llego-a-la-escuela-de-isla-apipe\/","title":{"rendered":"EL SENADO LLEG\u00d3 A LA ESCUELA DE ISLA APIP\u00c9"},"content":{"rendered":"\n<p>Esta semana la comunidad de San Antonio en Isla Apip\u00e9 Grande tuvo el honor de recibir al Programa Nacional &#8220;El Senado va a la Escuela&#8221; es un programa de la Direcci\u00f3n General de Cultura.<\/p>\n\n\n\n<p>El encuentro tuvo lugar en las instalaciones del Colegio Dr Adolfo Contte, y pudieron participar tambi\u00e9n los estudiantes del Colegio 213\u00b0 Rosalia Valdes de Sala del Paraje Monte Grande.<\/p>\n\n\n\n<p>Esta iniciativa, busca acercar el fascinante mundo de la labor legislativa a nuestros estudiantes de \u00faltimo a\u00f1o.&nbsp;<\/p>\n\n\n\n<p>Durante la visita, nuestros j\u00f3venes debatieron apasionadamente sobre temas relacionados con el poder legislativo, los mecanismos de participaci\u00f3n ciudadana y el proceso que lleva un proyecto de ley desde su concepci\u00f3n hasta su aprobaci\u00f3n.<\/p>\n\n\n\n<p>Adem\u00e1s, tuvieron la invaluable oportunidad de adentrarse en el trabajo de la c\u00e1mara alta y fueron animados a presentar sus propias propuestas legislativas.&nbsp;<\/p>\n\n\n\n<p>Queremos expresar nuestro m\u00e1s sincero agradecimiento a la Senadora Nacional Gabriela Valenzuela y a su equipo t\u00e9cnico por esta enriquecedora experiencia. \u00a1Juntos construimos el futuro!&nbsp;<\/p>\n\n\n\n<figure class=\"wp-block-gallery has-nested-images columns-default is-cropped wp-block-gallery-1 is-layout-flex wp-block-gallery-is-layout-flex\">\n<figure class=\"wp-block-image size-large\"><img loading=\"lazy\" decoding=\"async\" width=\"1000\" height=\"666\" data-id=\"151389\" src=\"https:\/\/corrientesdetarde.com\/wp-content\/uploads\/2024\/05\/455871_grande.jpg\" alt=\"\" class=\"wp-image-151389\" srcset=\"https:\/\/corrientesdetarde.com\/wp-content\/uploads\/2024\/05\/455871_grande.jpg 1000w, https:\/\/corrientesdetarde.com\/wp-content\/uploads\/2024\/05\/455871_grande-300x200.jpg 300w, https:\/\/corrientesdetarde.com\/wp-content\/uploads\/2024\/05\/455871_grande-768x511.jpg 768w\" sizes=\"auto, (max-width: 1000px) 100vw, 1000px\" \/><\/figure>\n\n\n\n<figure class=\"wp-block-image size-large\"><img loading=\"lazy\" decoding=\"async\" width=\"1000\" height=\"666\" data-id=\"151391\" src=\"https:\/\/corrientesdetarde.com\/wp-content\/uploads\/2024\/05\/864299_grande.jpg\" alt=\"\" class=\"wp-image-151391\" srcset=\"https:\/\/corrientesdetarde.com\/wp-content\/uploads\/2024\/05\/864299_grande.jpg 1000w, https:\/\/corrientesdetarde.com\/wp-content\/uploads\/2024\/05\/864299_grande-300x200.jpg 300w, https:\/\/corrientesdetarde.com\/wp-content\/uploads\/2024\/05\/864299_grande-768x511.jpg 768w\" sizes=\"auto, (max-width: 1000px) 100vw, 1000px\" \/><\/figure>\n<\/figure>\n","protected":false},"excerpt":{"rendered":"<p>Esta semana la comunidad de San Antonio en Isla Apip\u00e9 Grande tuvo el honor de recibir al Programa Nacional &#8220;El Senado va a la Escuela&#8221; es un programa de la&hellip; <\/p>\n","protected":false},"author":12,"featured_media":151390,"comment_status":"closed","ping_status":"open","sticky":false,"template":"","format":"standard","meta":{"footnotes":""},"categories":[1658],"tags":[],"class_list":["post-151361","post","type-post","status-publish","format-standard","has-post-thumbnail","hentry","category-interior"],"_links":{"self":[{"href":"https:\/\/corrientesdetarde.com\/index.php\/wp-json\/wp\/v2\/posts\/151361","targetHints":{"allow":["GET"]}}],"collection":[{"href":"https:\/\/corrientesdetarde.com\/index.php\/wp-json\/wp\/v2\/posts"}],"about":[{"href":"https:\/\/corrientesdetarde.com\/index.php\/wp-json\/wp\/v2\/types\/post"}],"author":[{"embeddable":true,"href":"https:\/\/corrientesdetarde.com\/index.php\/wp-json\/wp\/v2\/users\/12"}],"replies":[{"embeddable":true,"href":"https:\/\/corrientesdetarde.com\/index.php\/wp-json\/wp\/v2\/comments?post=151361"}],"version-history":[{"count":1,"href":"https:\/\/corrientesdetarde.com\/index.php\/wp-json\/wp\/v2\/posts\/151361\/revisions"}],"predecessor-version":[{"id":151393,"href":"https:\/\/corrientesdetarde.com\/index.php\/wp-json\/wp\/v2\/posts\/151361\/revisions\/151393"}],"wp:featuredmedia":[{"embeddable":true,"href":"https:\/\/corrientesdetarde.com\/index.php\/wp-json\/wp\/v2\/media\/151390"}],"wp:attachment":[{"href":"https:\/\/corrientesdetarde.com\/index.php\/wp-json\/wp\/v2\/media?parent=151361"}],"wp:term":[{"taxonomy":"category","embeddable":true,"href":"https:\/\/corrientesdetarde.com\/index.php\/wp-json\/wp\/v2\/categories?post=151361"},{"taxonomy":"post_tag","embeddable":true,"href":"https:\/\/corrientesdetarde.com\/index.php\/wp-json\/wp\/v2\/tags?post=151361"}],"curies":[{"name":"wp","href":"https:\/\/api.w.org\/{rel}","templated":true}]}}