{"id":151362,"date":"2024-05-30T11:04:39","date_gmt":"2024-05-30T14:04:39","guid":{"rendered":"https:\/\/corrientesdetarde.com\/?p=151362"},"modified":"2024-05-30T11:04:42","modified_gmt":"2024-05-30T14:04:42","slug":"autores-y-artistas-alvearenses-crearon-un-sitio-para-pintar-su-pueblo","status":"publish","type":"post","link":"https:\/\/corrientesdetarde.com\/index.php\/interior\/autores-y-artistas-alvearenses-crearon-un-sitio-para-pintar-su-pueblo\/","title":{"rendered":"AUTORES Y ARTISTAS ALVEARENSES CREARON UN SITIO PARA &#8220;PINTAR&#8221; SU PUEBLO"},"content":{"rendered":"\n<p>La docente de Lengua y Literatura Yamila Castillo  mencion\u00f3 lo que est\u00e1 viviendo tras publicar en sus redes sociales c\u00f3mo ve la realidad cultural de su pueblo, Alvear.\u00a0 &#8220;Es m\u00e1s la gente que se expresa a favor, vi pocos comentarios negativos. La gente da su apoyo y estamos expectantes de saber qu\u00e9 pasar\u00e1. Hicimos un grupo para ver qu\u00e9 podemos hacer, algo muy chiquito, muy simple pero se siente que la gente quiere ver a Alvear pintado con otros colores, conocer a sus artistas&#8221;, cont\u00f3.<\/p>\n\n\n\n<p>&#8220;La feria siempre le dio espacio a historiadores locales,profesionales de la Salud ,particip\u00e9 de la \u00faltima como estudiante del Instituto de La Cruz.Creo que de a poco esas puertas se ir\u00e1n abriendo. Ser\u00eda hermos\u00edsimo llevar esto a la Feria del Libro&#8221;, agreg\u00f3 al ser consultada sobre las ediciones anuales de la feria local.<\/p>\n\n\n\n<p>&#8220;Tenemos la intenci\u00f3n de invitar a aquellos que hacen m\u00fasica, fotograf\u00eda, danzas, hay mucha gente que trabaja con el Arte y que no se sabe. Cuando hablo de pueblo gris no es porque carezca de color sino que hago referencia que est\u00e1 desprovisto del arte y la cultura que no llega a todos&#8221;, defini\u00f3.<\/p>\n\n\n\n<p><strong>Se invita a sumarse en Ig: &#8220;Alvear se puede pintar&#8221;.<\/strong><\/p>\n\n\n\n<p>&#8220;Estamos viendo d\u00f3nde colocar&nbsp;<strong>cajas de poemas&nbsp;<\/strong>para que la gente que quiera lo lleve como panfletos o revistas&#8221;, adelant\u00f3 como pr\u00f3xima acci\u00f3n en la que est\u00e1n trabajando y pensando c\u00f3mo cristalizarla.<\/p>\n","protected":false},"excerpt":{"rendered":"<p>La docente de Lengua y Literatura Yamila Castillo mencion\u00f3 lo que est\u00e1 viviendo tras publicar en sus redes sociales c\u00f3mo ve la realidad cultural de su pueblo, Alvear.\u00a0 &#8220;Es m\u00e1s&hellip; <\/p>\n","protected":false},"author":12,"featured_media":151386,"comment_status":"closed","ping_status":"open","sticky":false,"template":"","format":"standard","meta":{"footnotes":""},"categories":[1658],"tags":[],"class_list":["post-151362","post","type-post","status-publish","format-standard","has-post-thumbnail","hentry","category-interior"],"_links":{"self":[{"href":"https:\/\/corrientesdetarde.com\/index.php\/wp-json\/wp\/v2\/posts\/151362","targetHints":{"allow":["GET"]}}],"collection":[{"href":"https:\/\/corrientesdetarde.com\/index.php\/wp-json\/wp\/v2\/posts"}],"about":[{"href":"https:\/\/corrientesdetarde.com\/index.php\/wp-json\/wp\/v2\/types\/post"}],"author":[{"embeddable":true,"href":"https:\/\/corrientesdetarde.com\/index.php\/wp-json\/wp\/v2\/users\/12"}],"replies":[{"embeddable":true,"href":"https:\/\/corrientesdetarde.com\/index.php\/wp-json\/wp\/v2\/comments?post=151362"}],"version-history":[{"count":1,"href":"https:\/\/corrientesdetarde.com\/index.php\/wp-json\/wp\/v2\/posts\/151362\/revisions"}],"predecessor-version":[{"id":151388,"href":"https:\/\/corrientesdetarde.com\/index.php\/wp-json\/wp\/v2\/posts\/151362\/revisions\/151388"}],"wp:featuredmedia":[{"embeddable":true,"href":"https:\/\/corrientesdetarde.com\/index.php\/wp-json\/wp\/v2\/media\/151386"}],"wp:attachment":[{"href":"https:\/\/corrientesdetarde.com\/index.php\/wp-json\/wp\/v2\/media?parent=151362"}],"wp:term":[{"taxonomy":"category","embeddable":true,"href":"https:\/\/corrientesdetarde.com\/index.php\/wp-json\/wp\/v2\/categories?post=151362"},{"taxonomy":"post_tag","embeddable":true,"href":"https:\/\/corrientesdetarde.com\/index.php\/wp-json\/wp\/v2\/tags?post=151362"}],"curies":[{"name":"wp","href":"https:\/\/api.w.org\/{rel}","templated":true}]}}