{"id":151363,"date":"2024-05-30T11:03:14","date_gmt":"2024-05-30T14:03:14","guid":{"rendered":"https:\/\/corrientesdetarde.com\/?p=151363"},"modified":"2024-05-30T11:03:26","modified_gmt":"2024-05-30T14:03:26","slug":"los-premios-mas-importantes-de-las-nacionales-de-razas-se-quedaron-en-corrientes","status":"publish","type":"post","link":"https:\/\/corrientesdetarde.com\/index.php\/interior\/los-premios-mas-importantes-de-las-nacionales-de-razas-se-quedaron-en-corrientes\/","title":{"rendered":"LOS PREMIOS M\u00c1S IMPORTANTES DE LAS NACIONALES DE RAZAS SE QUEDARON EN CORRIENTES"},"content":{"rendered":"\n<p>Con una gen\u00e9tica de punta en las pistas de la Sociedad Rural de Corrientes, este martes continuaron las Nacionales edici\u00f3n Santander, el gran evento ganadero organizado con la fuerza de Expoagro, y que consagr\u00f3 a los grandes campeones de la raza Braford.<\/p>\n\n\n\n<p>Los premios m\u00e1s importantes se quedaron en Corrientes, aunque la calidad y el gran momento de la raza fueron el denominador com\u00fan de la jornada.<\/p>\n\n\n\n<p>En la segunda jornada de las Nacionales, Braford se luci\u00f3 en la pista con la mejor gen\u00e9tica, ratificando el gran presente de la raza, que est\u00e1 cumpliendo 40 a\u00f1os como asociaci\u00f3n. Alejandro Lauret fue el jurado de esta 21\u00b0 Exposici\u00f3n Nacional Braford, que tuvo 153 animales en pista, entre conjuntos y bozales.<\/p>\n\n\n\n<p>Por la ma\u00f1ana se realiz\u00f3 la jura de los lotes, animales a corral que llegaron desde distintas caba\u00f1as de todo el pa\u00eds. Tras una clasificaci\u00f3n minuciosa por parte del jurado, la decisi\u00f3n del Gran Campe\u00f3n Conjunto Hembras reconoci\u00f3 al Corral 46, de caba\u00f1a La Carreta, de Villa Minetti (Santa Fe). El Reservado Gran Campe\u00f3n Conjunto de Hembras Braford fue el Corral 44, de caba\u00f1a Las Brisas, de la provincia de Corrientes.<\/p>\n\n\n\n<p>En las mejores hembras individuales de conjunto, caba\u00f1a La Carreta fue la gran ganadora de este segmento, ya que dos de las integrantes del Conjunto Gran Campe\u00f3n fueron elegidas por el jurado como las mejores individuales de lote.<\/p>\n\n\n\n<p>En los conjuntos de machos, hubo tambi\u00e9n lotes muy homog\u00e9neos y con excelente calidad carnicera. En este caso, el premio Gran Campe\u00f3n Conjunto de Machos Braford fue para el Corral 64, de caba\u00f1a La Asunci\u00f3n, de la provincia de Salta. Mientras que el Reservado Gran Campe\u00f3n Conjunto fue para el Corral 57, de caba\u00f1a Los Socavones, de Quilino, en la provincia de C\u00f3rdoba.<\/p>\n\n\n\n<p>Luego de las juras a corral, la actividad de la Nacional Braford se traslad\u00f3 a la pista \u201cBiog\u00e9nesis Bag\u00f3\u201d, donde se realiz\u00f3 la jura de individuales a bozal y llegaron las emociones m\u00e1s importantes del d\u00eda.<\/p>\n\n\n\n<figure class=\"wp-block-image\"><img decoding=\"async\" src=\"https:\/\/www.diarioellibertador.com.ar\/wp-content\/uploads\/2024\/05\/nacional-braford-2.jpg\" alt=\"\"\/><\/figure>\n\n\n\n<p>El trabajo de Alejandro Lauret y su equipo se prolong\u00f3 durante toda la tarde, con una b\u00fasqueda de los ejemplares que m\u00e1s se apeguen a lo que hoy busca la raza. En m\u00e1s de una oportunidad, el jurado cordob\u00e9s pidi\u00f3 aplausos en reconocimiento al trabajo de la raza, y previo a la elecci\u00f3n de los grandes campeones, Lauret sostuvo que \u201cestos animales son fruto de esa evoluci\u00f3n que ha mostrado la raza en estos 40 a\u00f1os y por eso quiero reconocer a todos los que han trabajado por esta raza en este tiempo\u201d.<\/p>\n\n\n\n<p>A la hora de la elecci\u00f3n de los mejores animales, el premio Gran Campe\u00f3n Hembra fue para el Box 205, una vaca con cr\u00eda presentada por las caba\u00f1as Laguna Limpia y Los Or\u00edgenes, ambas de la provincia de Corrientes. Se trata de un ejemplar que hab\u00eda ganado la categor\u00eda Vaca, hija de \u201cMidas\u201d y con una cr\u00eda al pie.<\/p>\n\n\n\n<p>El premio Reservado Gran Campe\u00f3n Hembra tambi\u00e9n qued\u00f3 en Corrientes y fue para el Box&nbsp; 193, otra hija de \u201cMidas\u201d, en este caso de la categor\u00eda vaca menor, y tambi\u00e9n de caba\u00f1a Los Or\u00edgenes. El premio Tercer Mejor Hembra qued\u00f3 para el Box 161, una hija de \u201cMago\u201d presentada en conjunto por las caba\u00f1as Los Guasunchos (Santa Fe) y Las Brisas (Corrientes).<\/p>\n\n\n\n<p>En la consagraci\u00f3n de los toros, el premio Gran Campe\u00f3n Macho tambi\u00e9n fue para caba\u00f1a Los Or\u00edgenes, que de esta manera cerr\u00f3 una jornada excepcional en la Nacional Braford. Fue el Box 250, un hijo de \u201cTango\u201d, que hab\u00eda ganado la categor\u00eda Senior Menor e impresion\u00f3 por su volumen y calidad carnicera. \u201cPara nosotros llegar con estos animales, competir con esta calidad y alcanzar estos premios es algo muy importante, porque estos animales se cr\u00edan en campos dif\u00edciles y eso creo que es un gran m\u00e9rito\u201d, coment\u00f3 Carlos Ojea Rull\u00e1n, asesor genetista de caba\u00f1a Los Or\u00edgenes.<\/p>\n\n\n\n<p>Luego de la algarab\u00eda y los festejos del equipo de la caba\u00f1a ganadora, continuaron los premios. En este caso el Reservado Gran Campe\u00f3n Macho recay\u00f3 sobre el Box 229, un hijo de \u201cBul\u00f3n\u201d presentado por caba\u00f1a Pilag\u00e1, tambi\u00e9n de la provincia de Corrientes. Mientras que el Tercer Mejor Macho fue para el Box 243, de caba\u00f1a Las Mercedes, de la provincia del Chaco.<\/p>\n\n\n\n<p>\u201cEl Braford est\u00e1 en un momento espectacular, y creo que es fruto del trabajo de los criadores y la permanente apuesta por mejorar que se ha trazado la asociaci\u00f3n\u201d, coment\u00f3 Alejandro Lauret despu\u00e9s de la jornada de juras.<\/p>\n\n\n\n<p>De este modo, la 21\u00b0 Exposici\u00f3n Nacional Braford cerr\u00f3 su etapa de juras de clasificaci\u00f3n con los grandes campeones, y tendr\u00e1 su remate este mi\u00e9rcoles, a las 18,30 horas, junto a la Exposici\u00f3n Nacional Brahman, en el mismo predio de la Sociedad Rural de Corrientes y con la firma Colombo y Magliano en el martillo. El remate ser\u00e1 presencial y ser\u00e1 transmitido por el streaming de expoagro.com.ar.<\/p>\n\n\n\n<figure class=\"wp-block-image\"><img decoding=\"async\" src=\"https:\/\/www.diarioellibertador.com.ar\/wp-content\/uploads\/2024\/05\/nacional-braford-3.jpg\" alt=\"\"\/><\/figure>\n","protected":false},"excerpt":{"rendered":"<p>Con una gen\u00e9tica de punta en las pistas de la Sociedad Rural de Corrientes, este martes continuaron las Nacionales edici\u00f3n Santander, el gran evento ganadero organizado con la fuerza de&hellip; <\/p>\n","protected":false},"author":12,"featured_media":151384,"comment_status":"closed","ping_status":"open","sticky":false,"template":"","format":"standard","meta":{"footnotes":""},"categories":[1658],"tags":[],"class_list":["post-151363","post","type-post","status-publish","format-standard","has-post-thumbnail","hentry","category-interior"],"_links":{"self":[{"href":"https:\/\/corrientesdetarde.com\/index.php\/wp-json\/wp\/v2\/posts\/151363","targetHints":{"allow":["GET"]}}],"collection":[{"href":"https:\/\/corrientesdetarde.com\/index.php\/wp-json\/wp\/v2\/posts"}],"about":[{"href":"https:\/\/corrientesdetarde.com\/index.php\/wp-json\/wp\/v2\/types\/post"}],"author":[{"embeddable":true,"href":"https:\/\/corrientesdetarde.com\/index.php\/wp-json\/wp\/v2\/users\/12"}],"replies":[{"embeddable":true,"href":"https:\/\/corrientesdetarde.com\/index.php\/wp-json\/wp\/v2\/comments?post=151363"}],"version-history":[{"count":1,"href":"https:\/\/corrientesdetarde.com\/index.php\/wp-json\/wp\/v2\/posts\/151363\/revisions"}],"predecessor-version":[{"id":151385,"href":"https:\/\/corrientesdetarde.com\/index.php\/wp-json\/wp\/v2\/posts\/151363\/revisions\/151385"}],"wp:featuredmedia":[{"embeddable":true,"href":"https:\/\/corrientesdetarde.com\/index.php\/wp-json\/wp\/v2\/media\/151384"}],"wp:attachment":[{"href":"https:\/\/corrientesdetarde.com\/index.php\/wp-json\/wp\/v2\/media?parent=151363"}],"wp:term":[{"taxonomy":"category","embeddable":true,"href":"https:\/\/corrientesdetarde.com\/index.php\/wp-json\/wp\/v2\/categories?post=151363"},{"taxonomy":"post_tag","embeddable":true,"href":"https:\/\/corrientesdetarde.com\/index.php\/wp-json\/wp\/v2\/tags?post=151363"}],"curies":[{"name":"wp","href":"https:\/\/api.w.org\/{rel}","templated":true}]}}