{"id":151365,"date":"2024-05-30T10:55:33","date_gmt":"2024-05-30T13:55:33","guid":{"rendered":"https:\/\/corrientesdetarde.com\/?p=151365"},"modified":"2024-05-30T10:55:45","modified_gmt":"2024-05-30T13:55:45","slug":"novena-y-fiesta-en-honor-al-sagrado-corazon-de-jesus","status":"publish","type":"post","link":"https:\/\/corrientesdetarde.com\/index.php\/sociales\/novena-y-fiesta-en-honor-al-sagrado-corazon-de-jesus\/","title":{"rendered":"NOVENA Y FIESTA EN HONOR AL SAGRADO CORAZ\u00d3N DE JES\u00daS"},"content":{"rendered":"\n<p>La Parroquia Sagrado Coraz\u00f3n de Jes\u00fas prepara el programa de actividades alusivas a las festividades por el d\u00eda de su Santo Patrono<\/p>\n\n\n\n<p>Desde la Parroquia del Sagrado Coraz\u00f3n de Jes\u00fas, ubicada sobre calle L\u00edbano 250 de la capital correntina, se invita a la comunidad en general y particularmente a la feligres\u00eda cat\u00f3lica, a participar de las actividades alusivas y la novena en su honor.&nbsp;<\/p>\n\n\n\n<p>A este respecto las mismas dar\u00e1n inicio el pr\u00f3ximo 29 de mayo con la novena, bajo el lema: &#8220;Sagrado Coraz\u00f3n de Jes\u00fas, ens\u00e9\u00f1anos a Orar&#8221;, rezando por la comunidada parroquial y sus agentes pastorales, continuando el jueves 30 con el tema: &#8220;Habla Se\u00f1or, que tu siervo escucha&#8221;. &#8220;El camino para comprender la voluntad de Dios&#8221;, rezando por las vocaciones sacerdotales religiosas, locales y misioneras.<\/p>\n\n\n\n<p>Entretanto el viernes 31 de mayo el tema ser\u00e1: &#8220;Vengan a m\u00ed, los afligidos y agobiados: orar en los momentos de sufrimientos&#8221;, rezando para los ancianos, enfermos y personal&nbsp; sanitarios.<\/p>\n\n\n\n<p>El s\u00e1bado 1 de junio ser\u00e1 el tema: &#8220;La familia como escuela de oraci\u00f3n&#8221;, se rezar\u00e1 por todas las familias, mientras que el dominmgo 2 el tema ser\u00e1: &#8220;La oraci\u00f3n en la comunidad parroquial, Eucarist\u00eda, Adoraci\u00f3n eucar\u00edstica y horas para el Se\u00f1or&#8221;, all\u00ed se realizar\u00e1 la solemnidad del Corpus Christi.<\/p>\n\n\n\n<p>El lunes 3 de junio el tema ser\u00e1: &#8220;La obra de misericordia de rezar por nuestros seres queridos difuntos&#8221;, rezando por todos los difuntos.<\/p>\n\n\n\n<p>El martes 4 el tema ser\u00e1: &#8220;La oraci\u00f3n en los j\u00f3venes, orientaciones sobre c\u00f3mo involucrarlos en la vida de oraci\u00f3n&#8221;, rezando por los ni\u00f1os, adolescentes y j\u00f3venes, en tanto el mi\u00e9rcoles 5 el tema ser\u00e1: &#8220;El Padre Nuestro, Modelo de toda Oraci\u00f3n&#8221;, rezando por trabajadores y quienes buscan empleos.<\/p>\n\n\n\n<p>El jueves 6 el tema ser\u00e1: &#8220;La oraci\u00f3n en lugares santos&#8221;, rezando por la patria, la comunidad educativa y estudiantil.<\/p>\n\n\n\n<p>Para el viernes 7 de junio, d\u00eda del Sagrado Coraz\u00f3n de Jes\u00fas y epicentro de los actos de honor, se va a llevar a cabo el siguiente cronograma de actividades:&nbsp;<\/p>\n\n\n\n<p>A las 07.00 se celebrar\u00e1 la Santa Misa.<\/p>\n\n\n\n<p>A las 10.00 ser\u00e1 el rezo del Santo Rosario y Letan\u00edas al Sagrado Coraz\u00f3n de Jes\u00fas.<\/p>\n\n\n\n<p>A las 10.30, Santa Misa Central.<\/p>\n\n\n\n<p>A las 12.00, 14.00, 15.00 y 16.00 se rezar\u00e1 el Santo Rosario y las Letan\u00edas al Sagrado Coraz\u00f3n de Jes\u00fas<\/p>\n\n\n\n<p>Finalmente a las 18.00 se realizar\u00e1 la tradicional procesi\u00f3n por las arterias del barrios, concluyendo con la Santa Misa.<\/p>\n\n\n\n<p><\/p>\n\n\n\n<figure class=\"wp-block-image size-large\"><img loading=\"lazy\" decoding=\"async\" width=\"725\" height=\"1024\" src=\"https:\/\/corrientesdetarde.com\/wp-content\/uploads\/2024\/05\/562088_grande-1-725x1024.jpg\" alt=\"\" class=\"wp-image-151373\" srcset=\"https:\/\/corrientesdetarde.com\/wp-content\/uploads\/2024\/05\/562088_grande-1-725x1024.jpg 725w, https:\/\/corrientesdetarde.com\/wp-content\/uploads\/2024\/05\/562088_grande-1-212x300.jpg 212w, https:\/\/corrientesdetarde.com\/wp-content\/uploads\/2024\/05\/562088_grande-1-768x1084.jpg 768w, https:\/\/corrientesdetarde.com\/wp-content\/uploads\/2024\/05\/562088_grande-1.jpg 1000w\" sizes=\"auto, (max-width: 725px) 100vw, 725px\" \/><\/figure>\n","protected":false},"excerpt":{"rendered":"<p>La Parroquia Sagrado Coraz\u00f3n de Jes\u00fas prepara el programa de actividades alusivas a las festividades por el d\u00eda de su Santo Patrono Desde la Parroquia del Sagrado Coraz\u00f3n de Jes\u00fas,&hellip; <\/p>\n","protected":false},"author":12,"featured_media":0,"comment_status":"closed","ping_status":"open","sticky":false,"template":"","format":"standard","meta":{"footnotes":""},"categories":[17],"tags":[],"class_list":["post-151365","post","type-post","status-publish","format-standard","hentry","category-sociales"],"_links":{"self":[{"href":"https:\/\/corrientesdetarde.com\/index.php\/wp-json\/wp\/v2\/posts\/151365","targetHints":{"allow":["GET"]}}],"collection":[{"href":"https:\/\/corrientesdetarde.com\/index.php\/wp-json\/wp\/v2\/posts"}],"about":[{"href":"https:\/\/corrientesdetarde.com\/index.php\/wp-json\/wp\/v2\/types\/post"}],"author":[{"embeddable":true,"href":"https:\/\/corrientesdetarde.com\/index.php\/wp-json\/wp\/v2\/users\/12"}],"replies":[{"embeddable":true,"href":"https:\/\/corrientesdetarde.com\/index.php\/wp-json\/wp\/v2\/comments?post=151365"}],"version-history":[{"count":1,"href":"https:\/\/corrientesdetarde.com\/index.php\/wp-json\/wp\/v2\/posts\/151365\/revisions"}],"predecessor-version":[{"id":151374,"href":"https:\/\/corrientesdetarde.com\/index.php\/wp-json\/wp\/v2\/posts\/151365\/revisions\/151374"}],"wp:attachment":[{"href":"https:\/\/corrientesdetarde.com\/index.php\/wp-json\/wp\/v2\/media?parent=151365"}],"wp:term":[{"taxonomy":"category","embeddable":true,"href":"https:\/\/corrientesdetarde.com\/index.php\/wp-json\/wp\/v2\/categories?post=151365"},{"taxonomy":"post_tag","embeddable":true,"href":"https:\/\/corrientesdetarde.com\/index.php\/wp-json\/wp\/v2\/tags?post=151365"}],"curies":[{"name":"wp","href":"https:\/\/api.w.org\/{rel}","templated":true}]}}