{"id":151413,"date":"2024-05-30T13:05:43","date_gmt":"2024-05-30T16:05:43","guid":{"rendered":"https:\/\/corrientesdetarde.com\/?p=151413"},"modified":"2024-05-30T13:05:47","modified_gmt":"2024-05-30T16:05:47","slug":"viaje-a-suiza-con-el-fin-de-reactivar-la-hidrovia-valdes-se-reunio-con-representantes-de-firma-lider-en-transportes","status":"publish","type":"post","link":"https:\/\/corrientesdetarde.com\/index.php\/politica\/viaje-a-suiza-con-el-fin-de-reactivar-la-hidrovia-valdes-se-reunio-con-representantes-de-firma-lider-en-transportes\/","title":{"rendered":"Viaje a Suiza: con el fin de reactivar la hidrov\u00eda, Vald\u00e9s se reuni\u00f3 con representantes de firma l\u00edder en transportes"},"content":{"rendered":"\n<p>En la ciudad europea de Ginebra, el gobernador de Corrientes tom\u00f3 contacto en las \u00faltimas horas con referentes de la empresa MSC, l\u00edder global en transporte fluvial y por tierra, con el objetivo de atraer inversiones a la provincia. En este marco, se refiri\u00f3 al avance de distintos proyectos, como los portuarios de&nbsp;Capital y el Interior, as\u00ed como a las facilidades impositivas con las que cuenta el territorio para la inversi\u00f3n.<\/p>\n\n\n\n<p>\u201cCorrientes sale al mundo a buscar inversiones para hacer m\u00e1s productiva la provincia\u201d, expres\u00f3 inicialmente Gustavo Vald\u00e9s, a trav\u00e9s de sus redes oficiales.<\/p>\n\n\n\n<p>El mismo sostuvo a trav\u00e9s de las plataformas que, a partir de las inversiones realizadas en el r\u00edo Paran\u00e1 en su confluencia hasta Ituzaing\u00f3, \u201cbuscamos reactivar la hidrov\u00eda y seguir mejorando la competitividad de la regi\u00f3n\u201d. Por ello, el titular del Ejecutivo present\u00f3 en la oportunidad el avance de los proyectos portuarios de Capital, Goya, Lavalle e Ituzaing\u00f3.<\/p>\n\n\n\n<p>Por otra parte, remarc\u00f3 que a trav\u00e9s de esta gesti\u00f3n se busca \u201cvolver a activar la v\u00eda ferroviaria entre Virasoro e Ituzaing\u00f3, que conectar\u00e1 a los aserraderos con el puerto, reduciendo costos de producci\u00f3n y tiempos de entrega\u201d.<\/p>\n\n\n\n<p>En otro orden de temas, el mismo Gobernador enumer\u00f3 una serie de recursos con los que cuenta la provincia para atraer inversiones. \u201cPor las obras, la calidad de la producci\u00f3n, la calificaci\u00f3n de los trabajadores y la seguridad jur\u00eddica que garantiza el Gobierno de Corrientes, sumadas a facilidades impositivas, estamos haciendo una plaza m\u00e1s atractiva para grandes inversores\u201d, finaliz\u00f3.<\/p>\n\n\n\n<figure class=\"wp-block-image size-full\"><img loading=\"lazy\" decoding=\"async\" width=\"1024\" height=\"768\" src=\"https:\/\/corrientesdetarde.com\/wp-content\/uploads\/2024\/05\/image-812.png\" alt=\"\" class=\"wp-image-151415\" srcset=\"https:\/\/corrientesdetarde.com\/wp-content\/uploads\/2024\/05\/image-812.png 1024w, https:\/\/corrientesdetarde.com\/wp-content\/uploads\/2024\/05\/image-812-300x225.png 300w, https:\/\/corrientesdetarde.com\/wp-content\/uploads\/2024\/05\/image-812-768x576.png 768w\" sizes=\"auto, (max-width: 1024px) 100vw, 1024px\" \/><\/figure>\n","protected":false},"excerpt":{"rendered":"<p>En la ciudad europea de Ginebra, el gobernador de Corrientes tom\u00f3 contacto en las \u00faltimas horas con referentes de la empresa MSC, l\u00edder global en transporte fluvial y por tierra,&hellip; <\/p>\n","protected":false},"author":8,"featured_media":151414,"comment_status":"closed","ping_status":"open","sticky":false,"template":"","format":"standard","meta":{"footnotes":""},"categories":[26,3],"tags":[],"class_list":["post-151413","post","type-post","status-publish","format-standard","has-post-thumbnail","hentry","category-destacados","category-politica"],"_links":{"self":[{"href":"https:\/\/corrientesdetarde.com\/index.php\/wp-json\/wp\/v2\/posts\/151413","targetHints":{"allow":["GET"]}}],"collection":[{"href":"https:\/\/corrientesdetarde.com\/index.php\/wp-json\/wp\/v2\/posts"}],"about":[{"href":"https:\/\/corrientesdetarde.com\/index.php\/wp-json\/wp\/v2\/types\/post"}],"author":[{"embeddable":true,"href":"https:\/\/corrientesdetarde.com\/index.php\/wp-json\/wp\/v2\/users\/8"}],"replies":[{"embeddable":true,"href":"https:\/\/corrientesdetarde.com\/index.php\/wp-json\/wp\/v2\/comments?post=151413"}],"version-history":[{"count":1,"href":"https:\/\/corrientesdetarde.com\/index.php\/wp-json\/wp\/v2\/posts\/151413\/revisions"}],"predecessor-version":[{"id":151416,"href":"https:\/\/corrientesdetarde.com\/index.php\/wp-json\/wp\/v2\/posts\/151413\/revisions\/151416"}],"wp:featuredmedia":[{"embeddable":true,"href":"https:\/\/corrientesdetarde.com\/index.php\/wp-json\/wp\/v2\/media\/151414"}],"wp:attachment":[{"href":"https:\/\/corrientesdetarde.com\/index.php\/wp-json\/wp\/v2\/media?parent=151413"}],"wp:term":[{"taxonomy":"category","embeddable":true,"href":"https:\/\/corrientesdetarde.com\/index.php\/wp-json\/wp\/v2\/categories?post=151413"},{"taxonomy":"post_tag","embeddable":true,"href":"https:\/\/corrientesdetarde.com\/index.php\/wp-json\/wp\/v2\/tags?post=151413"}],"curies":[{"name":"wp","href":"https:\/\/api.w.org\/{rel}","templated":true}]}}