{"id":151423,"date":"2024-05-30T13:11:10","date_gmt":"2024-05-30T16:11:10","guid":{"rendered":"https:\/\/corrientesdetarde.com\/?p=151423"},"modified":"2024-05-30T13:11:13","modified_gmt":"2024-05-30T16:11:13","slug":"salud-publica-verifico-obras-y-las-prestaciones-en-el-hospital-de-esquina","status":"publish","type":"post","link":"https:\/\/corrientesdetarde.com\/index.php\/bienestar-y-salud\/salud-publica-verifico-obras-y-las-prestaciones-en-el-hospital-de-esquina\/","title":{"rendered":"Salud P\u00fablica verific\u00f3 obras y las prestaciones en el hospital de Esquina"},"content":{"rendered":"\n<p><em>Se trata de un trabajo que se realiza en todos los centros asistenciales de la provincia con el fin de optimizar las prestaciones hacia la poblaci\u00f3n. Semanalmente se visitan dos o m\u00e1s centros del interior.<\/em><\/p>\n\n\n\n<p>Una comitiva del Ministerio de Salud P\u00fablica, organizada por la Direcci\u00f3n General de Gesti\u00f3n Hospitalaria, visit\u00f3 el hospital San Roque de Esquina. En la ocasi\u00f3n, se verificaron obras y el funcionamiento de los distintos servicios con el fin de optimizar la atenci\u00f3n hacia la comunidad.<\/p>\n\n\n\n<p>Estuvieron presentes desde diferentes \u00e1reas de la cartera sanitaria local: Farmacia, Sistemas, Asesor\u00eda Legal, Estad\u00edstica, Telesalud, Enfermer\u00eda, Arancelamiento, Coordinaci\u00f3n de Control de Infecciones Mantenimiento.<\/p>\n\n\n\n<p>&#8220;Como lo venimos realizando en diferentes hospitales del interior, ahora estuvimos en Esquina. La idea es abordar cada hospital de manera integral, ver c\u00f3mo vienen trabajando, el funcionamiento de los servicios y las prestaciones. Trabajamos mancomunadamente con cada uno de los directores y los sectores comprometidos&#8221;, explic\u00f3 el director General de Gesti\u00f3n Hospitalaria, Mario Rodr\u00edguez.<\/p>\n\n\n\n<p>Remarc\u00f3 que es &#8220;un pedido del se\u00f1or ministro de Salud P\u00fablica, Ricardo Cardozo, con la finalidad de brindar el mejor servicio posible a la poblaci\u00f3n&#8221;.<\/p>\n\n\n\n<p>En esa l\u00ednea, celebr\u00f3: &#8220;Es un hospital bastante ordenado. Lo primordial es que todas las prestaciones se est\u00e1n brindando en tiempo y forma. Pese que hay un sector en construcci\u00f3n, que es la Emergencia, est\u00e1n trabajando muy bien, nos vamos conformes&#8221;.<\/p>\n\n\n\n<p>En cuanto a lo que es el Servicio de Diagn\u00f3stico por Im\u00e1genes, el funcionario remarc\u00f3: &#8220;est\u00e1n trabajando muy bien. Cuentan con Rayos X, Ecograf\u00eda y Tomograf\u00eda&#8221;.<\/p>\n\n\n\n<p>&#8220;Tambi\u00e9n evaluamos la coordinaci\u00f3n con lo que es atenci\u00f3n primaria de la salud&#8221;, agreg\u00f3.<\/p>\n\n\n\n<p>Por su parte, el director del hospital de Esquina, Humberto Bianchi, agradeci\u00f3 al ministro de Salud P\u00fablica por la posibilidad de contar con la presencia del equipo de la cartera en el lugar. &#8220;Esta presencia nos potencia, nos ayuda a mejorar la capacidad de los servicios, optimiza los recursos y mejoramos as\u00ed las prestaciones m\u00e9dicas&#8221;.<\/p>\n\n\n\n<p>En cuanto a la obra, detall\u00f3: &#8220;Est\u00e1 en una primera etapa, en plena ejecuci\u00f3n y la evoluci\u00f3n est\u00e1 dentro de lo esperado. La nueva Emergencia contar\u00e1 con shock Room, sala de Observaci\u00f3n y todos los elementos necesarios. La tendremos lista para fin de a\u00f1o y tambi\u00e9n un \u00e1rea de internaci\u00f3n, de cuidados generales muy bien equipada que se est\u00e1 construyendo&#8221;.<\/p>\n\n\n\n<figure class=\"wp-block-image size-large\"><img loading=\"lazy\" decoding=\"async\" width=\"1024\" height=\"768\" src=\"https:\/\/corrientesdetarde.com\/wp-content\/uploads\/2024\/05\/image-818-1024x768.png\" alt=\"\" class=\"wp-image-151425\" srcset=\"https:\/\/corrientesdetarde.com\/wp-content\/uploads\/2024\/05\/image-818-1024x768.png 1024w, https:\/\/corrientesdetarde.com\/wp-content\/uploads\/2024\/05\/image-818-300x225.png 300w, https:\/\/corrientesdetarde.com\/wp-content\/uploads\/2024\/05\/image-818-768x576.png 768w, https:\/\/corrientesdetarde.com\/wp-content\/uploads\/2024\/05\/image-818-1536x1152.png 1536w, https:\/\/corrientesdetarde.com\/wp-content\/uploads\/2024\/05\/image-818.png 1600w\" sizes=\"auto, (max-width: 1024px) 100vw, 1024px\" \/><\/figure>\n\n\n\n<figure class=\"wp-block-image size-large\"><img loading=\"lazy\" decoding=\"async\" width=\"1024\" height=\"768\" src=\"https:\/\/corrientesdetarde.com\/wp-content\/uploads\/2024\/05\/image-819-1024x768.png\" alt=\"\" class=\"wp-image-151426\" srcset=\"https:\/\/corrientesdetarde.com\/wp-content\/uploads\/2024\/05\/image-819-1024x768.png 1024w, https:\/\/corrientesdetarde.com\/wp-content\/uploads\/2024\/05\/image-819-300x225.png 300w, https:\/\/corrientesdetarde.com\/wp-content\/uploads\/2024\/05\/image-819-768x576.png 768w, https:\/\/corrientesdetarde.com\/wp-content\/uploads\/2024\/05\/image-819-1536x1152.png 1536w, https:\/\/corrientesdetarde.com\/wp-content\/uploads\/2024\/05\/image-819.png 1600w\" sizes=\"auto, (max-width: 1024px) 100vw, 1024px\" \/><\/figure>\n","protected":false},"excerpt":{"rendered":"<p>Se trata de un trabajo que se realiza en todos los centros asistenciales de la provincia con el fin de optimizar las prestaciones hacia la poblaci\u00f3n. Semanalmente se visitan dos&hellip; <\/p>\n","protected":false},"author":8,"featured_media":151424,"comment_status":"closed","ping_status":"open","sticky":false,"template":"","format":"standard","meta":{"footnotes":""},"categories":[16],"tags":[],"class_list":["post-151423","post","type-post","status-publish","format-standard","has-post-thumbnail","hentry","category-bienestar-y-salud"],"_links":{"self":[{"href":"https:\/\/corrientesdetarde.com\/index.php\/wp-json\/wp\/v2\/posts\/151423","targetHints":{"allow":["GET"]}}],"collection":[{"href":"https:\/\/corrientesdetarde.com\/index.php\/wp-json\/wp\/v2\/posts"}],"about":[{"href":"https:\/\/corrientesdetarde.com\/index.php\/wp-json\/wp\/v2\/types\/post"}],"author":[{"embeddable":true,"href":"https:\/\/corrientesdetarde.com\/index.php\/wp-json\/wp\/v2\/users\/8"}],"replies":[{"embeddable":true,"href":"https:\/\/corrientesdetarde.com\/index.php\/wp-json\/wp\/v2\/comments?post=151423"}],"version-history":[{"count":1,"href":"https:\/\/corrientesdetarde.com\/index.php\/wp-json\/wp\/v2\/posts\/151423\/revisions"}],"predecessor-version":[{"id":151427,"href":"https:\/\/corrientesdetarde.com\/index.php\/wp-json\/wp\/v2\/posts\/151423\/revisions\/151427"}],"wp:featuredmedia":[{"embeddable":true,"href":"https:\/\/corrientesdetarde.com\/index.php\/wp-json\/wp\/v2\/media\/151424"}],"wp:attachment":[{"href":"https:\/\/corrientesdetarde.com\/index.php\/wp-json\/wp\/v2\/media?parent=151423"}],"wp:term":[{"taxonomy":"category","embeddable":true,"href":"https:\/\/corrientesdetarde.com\/index.php\/wp-json\/wp\/v2\/categories?post=151423"},{"taxonomy":"post_tag","embeddable":true,"href":"https:\/\/corrientesdetarde.com\/index.php\/wp-json\/wp\/v2\/tags?post=151423"}],"curies":[{"name":"wp","href":"https:\/\/api.w.org\/{rel}","templated":true}]}}