{"id":151527,"date":"2024-05-30T20:26:21","date_gmt":"2024-05-30T23:26:21","guid":{"rendered":"https:\/\/corrientesdetarde.com\/?p=151527"},"modified":"2024-05-30T20:26:22","modified_gmt":"2024-05-30T23:26:22","slug":"murio-nora-cortinas-una-referente-de-madres-de-plaza-de-mayo","status":"publish","type":"post","link":"https:\/\/corrientesdetarde.com\/index.php\/informacion-general\/murio-nora-cortinas-una-referente-de-madres-de-plaza-de-mayo\/","title":{"rendered":"Muri\u00f3 Nora Corti\u00f1as, una referente de Madres de Plaza de Mayo"},"content":{"rendered":"\n<p>La noticia se conoci\u00f3 este jueves.&nbsp;<\/p>\n\n\n\n<p>Nora hab\u00eda sido reconocida d\u00edas atr\u00e1s en la Legislatura de la Ciudad de Buenos Aires con el premio Jorge Morresi &#8220;a la trayectoria, al compromiso y a la defensa de la democracia y los derechos humanos&#8221;.<\/p>\n","protected":false},"excerpt":{"rendered":"<p>La noticia se conoci\u00f3 este jueves.&nbsp; Nora hab\u00eda sido reconocida d\u00edas atr\u00e1s en la Legislatura de la Ciudad de Buenos Aires con el premio Jorge Morresi &#8220;a la trayectoria, al&hellip; <\/p>\n","protected":false},"author":12,"featured_media":151531,"comment_status":"closed","ping_status":"open","sticky":false,"template":"","format":"standard","meta":{"footnotes":""},"categories":[1],"tags":[],"class_list":["post-151527","post","type-post","status-publish","format-standard","has-post-thumbnail","hentry","category-informacion-general"],"_links":{"self":[{"href":"https:\/\/corrientesdetarde.com\/index.php\/wp-json\/wp\/v2\/posts\/151527","targetHints":{"allow":["GET"]}}],"collection":[{"href":"https:\/\/corrientesdetarde.com\/index.php\/wp-json\/wp\/v2\/posts"}],"about":[{"href":"https:\/\/corrientesdetarde.com\/index.php\/wp-json\/wp\/v2\/types\/post"}],"author":[{"embeddable":true,"href":"https:\/\/corrientesdetarde.com\/index.php\/wp-json\/wp\/v2\/users\/12"}],"replies":[{"embeddable":true,"href":"https:\/\/corrientesdetarde.com\/index.php\/wp-json\/wp\/v2\/comments?post=151527"}],"version-history":[{"count":1,"href":"https:\/\/corrientesdetarde.com\/index.php\/wp-json\/wp\/v2\/posts\/151527\/revisions"}],"predecessor-version":[{"id":151532,"href":"https:\/\/corrientesdetarde.com\/index.php\/wp-json\/wp\/v2\/posts\/151527\/revisions\/151532"}],"wp:featuredmedia":[{"embeddable":true,"href":"https:\/\/corrientesdetarde.com\/index.php\/wp-json\/wp\/v2\/media\/151531"}],"wp:attachment":[{"href":"https:\/\/corrientesdetarde.com\/index.php\/wp-json\/wp\/v2\/media?parent=151527"}],"wp:term":[{"taxonomy":"category","embeddable":true,"href":"https:\/\/corrientesdetarde.com\/index.php\/wp-json\/wp\/v2\/categories?post=151527"},{"taxonomy":"post_tag","embeddable":true,"href":"https:\/\/corrientesdetarde.com\/index.php\/wp-json\/wp\/v2\/tags?post=151527"}],"curies":[{"name":"wp","href":"https:\/\/api.w.org\/{rel}","templated":true}]}}