{"id":151528,"date":"2024-05-30T20:25:24","date_gmt":"2024-05-30T23:25:24","guid":{"rendered":"https:\/\/corrientesdetarde.com\/?p=151528"},"modified":"2024-05-30T20:25:36","modified_gmt":"2024-05-30T23:25:36","slug":"salud-dialogo-con-la-nacion-sobre-politicas-a-implementar-en-el-nea","status":"publish","type":"post","link":"https:\/\/corrientesdetarde.com\/index.php\/bienestar-y-salud\/salud-dialogo-con-la-nacion-sobre-politicas-a-implementar-en-el-nea\/","title":{"rendered":"Salud dialog\u00f3 con la Naci\u00f3n sobre pol\u00edticas a implementar en el NEA"},"content":{"rendered":"\n<p><em>Las autoridades nacionales y provinciales abordaron temas como vacunaci\u00f3n, Dengue, programa Sumar, botiqu\u00edn de medicamentos para vectores y capacidad log\u00edstica jurisdiccional, entre otros.<\/em><\/p>\n\n\n\n<p>El ministro de Salud P\u00fablica de la Provincia, Ricardo Cardozo, particip\u00f3 hoy de una reuni\u00f3n virtual con autoridades del Ministerio de Salud de la Naci\u00f3n, con quienes se dialog\u00f3 sobre pol\u00edticas sanitarias a implementar en la regi\u00f3n NEA.<\/p>\n\n\n\n<p>Del encuentro, tambi\u00e9n particip\u00f3 la subsecretaria de Atenci\u00f3n Primaria de la Salud, Alicia Pereira; la directora General de Epidemiolog\u00eda, Angelina Bobadilla; el director general de Administraci\u00f3n, Francisco Fern\u00e1ndez; la directora de Enfermer\u00eda, Marina Cantero; y el director de sistemas, Fabi\u00e1n Medina.<\/p>\n\n\n\n<p>\u201cNos reunimos con autoridades del Ministerio de Salud de la Naci\u00f3n, con el fin de coordinar esfuerzos entre los distintos organismos, y tratar temas como vacunaci\u00f3n, Dengue, programa Sumar, botiqu\u00edn de medicamentos para vectores y capacidad log\u00edstica jurisdiccional, entre otros temas\u201d, dijo la subsecretaria de Atenci\u00f3n Primaria de la Salud,&nbsp;<strong>Alicia Pereira<\/strong>, tras la reuni\u00f3n.<\/p>\n\n\n\n<p>La funcionaria explic\u00f3 que \u201cfue un encuentro de presentaci\u00f3n con la regi\u00f3n, de la que participaron Chaco, Corrientes, Misiones y Formosa, es decir el NEA, con la Naci\u00f3n. Hablamos de las particularidades de cada distrito. Dialogamos sobre vacunaci\u00f3n contra el Dengue\u201d.<\/p>\n\n\n\n<p>\u201cEn cuanto al programa Sumar, nos explicaron que en agosto se implementar\u00e1 el programa Sumar+, en el cual aparte del ingreso por cobertura efectiva b\u00e1sica de la provincia, el programa tendr\u00e1 otros incentivos para mitigar patolog\u00edas de incidencias en la provincia\u201d,<\/p>\n","protected":false},"excerpt":{"rendered":"<p>Las autoridades nacionales y provinciales abordaron temas como vacunaci\u00f3n, Dengue, programa Sumar, botiqu\u00edn de medicamentos para vectores y capacidad log\u00edstica jurisdiccional, entre otros. El ministro de Salud P\u00fablica de la&hellip; <\/p>\n","protected":false},"author":12,"featured_media":151529,"comment_status":"closed","ping_status":"open","sticky":false,"template":"","format":"standard","meta":{"footnotes":""},"categories":[16],"tags":[],"class_list":["post-151528","post","type-post","status-publish","format-standard","has-post-thumbnail","hentry","category-bienestar-y-salud"],"_links":{"self":[{"href":"https:\/\/corrientesdetarde.com\/index.php\/wp-json\/wp\/v2\/posts\/151528","targetHints":{"allow":["GET"]}}],"collection":[{"href":"https:\/\/corrientesdetarde.com\/index.php\/wp-json\/wp\/v2\/posts"}],"about":[{"href":"https:\/\/corrientesdetarde.com\/index.php\/wp-json\/wp\/v2\/types\/post"}],"author":[{"embeddable":true,"href":"https:\/\/corrientesdetarde.com\/index.php\/wp-json\/wp\/v2\/users\/12"}],"replies":[{"embeddable":true,"href":"https:\/\/corrientesdetarde.com\/index.php\/wp-json\/wp\/v2\/comments?post=151528"}],"version-history":[{"count":1,"href":"https:\/\/corrientesdetarde.com\/index.php\/wp-json\/wp\/v2\/posts\/151528\/revisions"}],"predecessor-version":[{"id":151530,"href":"https:\/\/corrientesdetarde.com\/index.php\/wp-json\/wp\/v2\/posts\/151528\/revisions\/151530"}],"wp:featuredmedia":[{"embeddable":true,"href":"https:\/\/corrientesdetarde.com\/index.php\/wp-json\/wp\/v2\/media\/151529"}],"wp:attachment":[{"href":"https:\/\/corrientesdetarde.com\/index.php\/wp-json\/wp\/v2\/media?parent=151528"}],"wp:term":[{"taxonomy":"category","embeddable":true,"href":"https:\/\/corrientesdetarde.com\/index.php\/wp-json\/wp\/v2\/categories?post=151528"},{"taxonomy":"post_tag","embeddable":true,"href":"https:\/\/corrientesdetarde.com\/index.php\/wp-json\/wp\/v2\/tags?post=151528"}],"curies":[{"name":"wp","href":"https:\/\/api.w.org\/{rel}","templated":true}]}}