{"id":151533,"date":"2024-05-30T20:34:38","date_gmt":"2024-05-30T23:34:38","guid":{"rendered":"https:\/\/corrientesdetarde.com\/?p=151533"},"modified":"2024-05-30T20:34:50","modified_gmt":"2024-05-30T23:34:50","slug":"el-misterio-de-la-comunidad-neolitica-con-tecnologia-de-avanzada-que-vivio-cerca-de-roma-hace-7-000-anos","status":"publish","type":"post","link":"https:\/\/corrientesdetarde.com\/index.php\/informacion-general\/el-misterio-de-la-comunidad-neolitica-con-tecnologia-de-avanzada-que-vivio-cerca-de-roma-hace-7-000-anos\/","title":{"rendered":"El misterio de la comunidad neol\u00edtica con tecnolog\u00eda de avanzada que vivi\u00f3 cerca de Roma hace 7.000\u00a0a\u00f1os"},"content":{"rendered":"\n<p>Hace al menos 7.000 a\u00f1os, junto a un lago cercano a lo que hoy es Roma, una comunidad desarroll\u00f3 una tecnolog\u00eda en sus embarcaciones muy superior a lo que cab\u00eda esperarse. Vivieron all\u00ed durante 450 a\u00f1os hasta que misteriosamente lo abandonaron todo.<\/p>\n\n\n\n<p>&nbsp;sus casas, sus grandes embarcaciones, sus instrumentos e incluso sus recipientes llenos de comida. Y la escena qued\u00f3 all\u00ed, congelada.<\/p>\n\n\n\n<p>Este yacimiento neol\u00f3gico excepcional se descubri\u00f3 en la d\u00e9cada de 1980. Y tras varias d\u00e9cadas de investigaciones, esto&nbsp;es lo que sabe la ciencia&nbsp;sobre los pobladores de&nbsp;La Marmotta<\/p>\n\n\n\n<h2 class=\"wp-block-heading\">C\u00f3mo llegaron a la zona de Roma y de d\u00f3nde ven\u00edan<\/h2>\n\n\n\n<p>El mar Mediterr\u00e1neo ha sido la cuna de numerosas civilizaciones. Fenicios, griegos, romanos y cartagineses surcaron este mar, pr\u00e1cticamente cerrado, para trasladarse de manera r\u00e1pida a lo largo de sus costas y sus islas.<\/p>\n\n\n\n<p>Uno de los principales fen\u00f3menos migratorios de la historia se documenta en el Neol\u00edtico, cuando comunidades de&nbsp;agricultores y pastores iniciaron su di\u00e1spora por toda Europa y el Norte de \u00c1frica desde su foco de origen en Pr\u00f3ximo Oriente, hace unos 10.000 a\u00f1os a.e.c.<\/p>\n\n\n\n<p>Por diferentes razones, entre ellas un fuerte aumento demogr\u00e1fico,\u00a0cambios clim\u00e1ticos dr\u00e1sticos\u00a0y una menor productividad de la tierra, algunos grupos marcharon y fueron ocupando paulatinamente toda Europa.<\/p>\n\n\n\n<p>En el caso del Mediterr\u00e1neo,&nbsp;la presencia de estos grupos humanos se documenta hacia el 6.900 a.e.c en tierras helenas, hacia el 6.100 a.e.c&nbsp;en el sur de la pen\u00ednsula italiana,&nbsp;durante el 5.700 a.e.c en el noreste de la pen\u00ednsula ib\u00e9rica&nbsp;y&nbsp;en el 5.400 a.e.c en las costas lusas del Atl\u00e1ntico.<\/p>\n\n\n\n<p>El mar Mediterr\u00e1neo debi\u00f3 ser una v\u00eda segura y r\u00e1pida por la que transportar personas, animales y bienes en embarcaciones. Prueba de ello es la detecci\u00f3n de sus huellas en numerosos asentamientos neol\u00edticos en islas y en los territorios pr\u00f3ximos a la costa.<\/p>\n\n\n\n<p>Esta fue la raz\u00f3n que llev\u00f3 a autores como&nbsp;Jean Guilaine&nbsp;y&nbsp;Jo\u00e3o Zilh\u00e3o &nbsp;a proponer que aquellas primeras comunidades de agricultores y pastores debieron desplazarse preferentemente por mar mediante peque\u00f1os movimientos de navegaci\u00f3n.<\/p>\n\n\n\n<h2 class=\"wp-block-heading\">Qu\u00e9 hay al otro lado del mar<\/h2>\n\n\n\n<p>Aquellos grupos no se lanzaron al mar sin conocer que hab\u00eda m\u00e1s all\u00e1 del horizonte que ve\u00edan desde sus costas. Los conocimientos que ten\u00edan sobre las rutas marinas comenzaron con las comunidades cazadoras-recolectoras-pescadoras del Mesol\u00edtico, y quiz\u00e1s antes, transmiti\u00e9ndose y perfeccion\u00e1ndose de generaci\u00f3n en generaci\u00f3n.<\/p>\n\n\n\n<p>S\u00f3lo as\u00ed se explica la presencia de ocupaciones mesol\u00edticas&nbsp;en las islas de Chipre, C\u00f3rcega, Sicilia y diversas islas de Grecia, como Icaria, Lemnos y Melos.<\/p>\n\n\n\n<h2 class=\"wp-block-heading\">Por qu\u00e9 se han conservado<\/h2>\n\n\n\n<p>La conservaci\u00f3n en arqueolog\u00eda de ciertos restos bi\u00f3ticos, como la madera, la piel o las plantas no le\u00f1osas, s\u00f3lo es posible en contextos anaer\u00f3bicos. En esos contextos las bacterias no trabajan en su plenitud. En concreto, espacios con mucho fr\u00edo, de alta temperatura y sequedad, bajo el agua o con mucha humedad. Este es el caso del asentamiento de La Marmotta, un yacimiento hallado en el interior del lago di Bracciano, en la poblaci\u00f3n italiana de Anguillara Sabazia. Su ubicaci\u00f3n, a 3 metros por debajo del fondo del lago,&nbsp;ha permitido su conservaci\u00f3n de manera natural.<\/p>\n\n\n\n<figure class=\"wp-block-image\"><img decoding=\"async\" src=\"https:\/\/billiken.lat\/wp-content\/uploads\/2024\/05\/mapa-roma.jpg\" alt=\"El misterio de la comunidad neol\u00edtica con tecnolog\u00eda de avanzada que vivi\u00f3 cerca de Roma hace 7.000\u00a0a\u00f1os\" class=\"wp-image-85138\"\/><figcaption class=\"wp-element-caption\">Localizaci\u00f3n del asentamiento, bajo el lago Barciano, muy cerca de Roma.&nbsp;Museo delle Civilt\u00e0- MPE L. Pigorini,&nbsp;<a href=\"http:\/\/creativecommons.org\/licenses\/by\/4.0\/\">CC BY<\/a><\/figcaption><\/figure>\n\n\n\n<p>El asentamiento&nbsp;se descubri\u00f3 a finales de los a\u00f1os 1980&nbsp;al realizar trabajos de canalizaci\u00f3n para transportar el agua del lago a Roma. Fue ocupado por las primeras poblaciones agricultoras y pastoras del Neol\u00edtico que llegaron al centro de la pen\u00ednsula italiana hace unos 5.700 a\u00f1os a.e.c.<\/p>\n\n\n\n<p>La comunidad de La Marmotta eran los descendientes de aquellos primeros agricultores y pastores de Pr\u00f3ximo Oriente que ocuparon poco a poco todo el Mediterr\u00e1neo. Tras varias generaciones, y procedentes probablemente del sur de la pen\u00ednsula italiana, encontraron a orillas del Lago di Bracciano un enclave perfecto para vivir. Este lugar ofrec\u00eda agua dulce, buenas tierras para el cultivo, un paisaje donde poder cazar, recolectar, pescar y obtener numerosas materias primas. Con ellas pod\u00edan construir sus casas y hacer parte de sus \u00fatiles. \u00bfQu\u00e9 m\u00e1s pod\u00edan pedir?<\/p>\n\n\n\n<h2 class=\"wp-block-heading\">Las cinco piraguas de La Marmotta (cerca de Roma)<\/h2>\n\n\n\n<p>Entre los materiales elaborados en madera hallados en La Marmotta, cerca de Roma, hay cinco grandes piraguas que hablan de gentes que ten\u00edan amplios conocimientos mar\u00edtimos y navales. Es posible que llegaran a La Marmotta desde las costas del Mediterr\u00e1neo a trav\u00e9s del r\u00edo Arrone.<\/p>\n\n\n\n<figure class=\"wp-block-image\"><img decoding=\"async\" src=\"https:\/\/billiken.lat\/wp-content\/uploads\/2024\/05\/canoas.jpg\" alt=\"El misterio de la comunidad neol\u00edtica con tecnolog\u00eda de avanzada que vivi\u00f3 cerca de Roma hace 7.000\u00a0a\u00f1os\" class=\"wp-image-85137\"\/><figcaption class=\"wp-element-caption\">La canoa Marmotta 1, est\u00e1 excavada en un tronco de roble y tiene 10,43 metros de longitud, 1,15 metros de ancho en la popa y 0,85 metros de ancho en la proa, y una altura de 65 a 44 cent\u00edmetros.&nbsp;Museo delle Civilt\u00e0- MPE L. Pigorini,&nbsp;<a href=\"http:\/\/creativecommons.org\/licenses\/by\/4.0\/\">CC BY<\/a><\/figcaption><\/figure>\n\n\n\n<p>All\u00ed estuvieron durante unos 450 a\u00f1os hasta que un evento posiblemente catastr\u00f3fico, producto del cual hubo una subida del nivel del lago, les oblig\u00f3 a abandonar sus casas, sus embarcaciones, sus instrumentos e incluso sus recipientes llenos de comida.<\/p>\n\n\n\n<p>Las piraguas son mon\u00f3xilas, es decir elaboradas sobre un \u00fanico tronco. A diferencia de otros yacimientos neol\u00edticos m\u00e1s recientes, donde las canoas se hacen siempre con una sola especie, en La Marmotta se han identificado hasta 4 especies diferentes: roble, olmo, haya y \u00e1lamo. Eso demuestra que conoc\u00edan perfectamente las propiedades y usos de la madera de distintos \u00e1rboles. Su tama\u00f1o es diverso. Desde la m\u00e1s peque\u00f1a, de 5,4 metros, hasta la mayor, con 10,43 metros.<\/p>\n\n\n\n<h2 class=\"wp-block-heading\">Los refuerzos y una vela posible<\/h2>\n\n\n\n<p>La complejidad t\u00e9cnica de las embarcaciones no se refleja \u00fanicamente en su longitud, sino tambi\u00e9n en la presencia de ciertos elementos navales vinculados. Este es el caso de los refuerzos transversales elaborados en la base de las piraguas, y en especial de las tres piezas en forma de \u201cT\u201d adosadas a uno de los laterales de la piragua 1.<\/p>\n\n\n\n<p>Estas piezas muestran 2, 3 y 4 perforaciones, respectivamente. Aunque no tenemos referentes arqueol\u00f3gicos y etnogr\u00e1ficos que nos ayuden a conocer su utilidad, por su forma manejamos tres hip\u00f3tesis: pudieron servir para atar cabos vinculados a una posible vela, se usaron para a\u00f1adir un estabilizador o fueron elementos intermedios para unir otra embarcaci\u00f3n a modo de catamar\u00e1n, obteniendo as\u00ed un doble casco.<\/p>\n\n\n\n<p>Esta complejidad t\u00e9cnica habla de la existencia de personas con enormes conocimientos tecnol\u00f3gicos y especializados en la elaboraci\u00f3n de piraguas.<\/p>\n\n\n\n<p>La dataci\u00f3n por carbono 14 de las cinco piraguas, y de una de las piezas en forma de \u201cT\u201d, demuestra que fueron realizadas aproximadamente entre el 5.600 y el 5.300 a.e.c. Son las embarcaciones m\u00e1s antiguas del Neol\u00edtico de Europa y las \u00fanicas encontradas de este periodo en el Mediterr\u00e1neo.<\/p>\n\n\n\n<p>Pudo haber m\u00e1s y debi\u00f3 haber muchas otras comunidades con tecnolog\u00eda avanzada surcando el mar.<\/p>\n","protected":false},"excerpt":{"rendered":"<p>Hace al menos 7.000 a\u00f1os, junto a un lago cercano a lo que hoy es Roma, una comunidad desarroll\u00f3 una tecnolog\u00eda en sus embarcaciones muy superior a lo que cab\u00eda&hellip; <\/p>\n","protected":false},"author":12,"featured_media":151544,"comment_status":"closed","ping_status":"open","sticky":false,"template":"","format":"standard","meta":{"footnotes":""},"categories":[1],"tags":[],"class_list":["post-151533","post","type-post","status-publish","format-standard","has-post-thumbnail","hentry","category-informacion-general"],"_links":{"self":[{"href":"https:\/\/corrientesdetarde.com\/index.php\/wp-json\/wp\/v2\/posts\/151533","targetHints":{"allow":["GET"]}}],"collection":[{"href":"https:\/\/corrientesdetarde.com\/index.php\/wp-json\/wp\/v2\/posts"}],"about":[{"href":"https:\/\/corrientesdetarde.com\/index.php\/wp-json\/wp\/v2\/types\/post"}],"author":[{"embeddable":true,"href":"https:\/\/corrientesdetarde.com\/index.php\/wp-json\/wp\/v2\/users\/12"}],"replies":[{"embeddable":true,"href":"https:\/\/corrientesdetarde.com\/index.php\/wp-json\/wp\/v2\/comments?post=151533"}],"version-history":[{"count":1,"href":"https:\/\/corrientesdetarde.com\/index.php\/wp-json\/wp\/v2\/posts\/151533\/revisions"}],"predecessor-version":[{"id":151545,"href":"https:\/\/corrientesdetarde.com\/index.php\/wp-json\/wp\/v2\/posts\/151533\/revisions\/151545"}],"wp:featuredmedia":[{"embeddable":true,"href":"https:\/\/corrientesdetarde.com\/index.php\/wp-json\/wp\/v2\/media\/151544"}],"wp:attachment":[{"href":"https:\/\/corrientesdetarde.com\/index.php\/wp-json\/wp\/v2\/media?parent=151533"}],"wp:term":[{"taxonomy":"category","embeddable":true,"href":"https:\/\/corrientesdetarde.com\/index.php\/wp-json\/wp\/v2\/categories?post=151533"},{"taxonomy":"post_tag","embeddable":true,"href":"https:\/\/corrientesdetarde.com\/index.php\/wp-json\/wp\/v2\/tags?post=151533"}],"curies":[{"name":"wp","href":"https:\/\/api.w.org\/{rel}","templated":true}]}}