{"id":151534,"date":"2024-05-30T20:30:40","date_gmt":"2024-05-30T23:30:40","guid":{"rendered":"https:\/\/corrientesdetarde.com\/?p=151534"},"modified":"2024-05-30T20:30:47","modified_gmt":"2024-05-30T23:30:47","slug":"liberaron-al-expolicia-que-asesino-a-un-hombre-tras-una-pelea","status":"publish","type":"post","link":"https:\/\/corrientesdetarde.com\/index.php\/crimen-y-justicia\/liberaron-al-expolicia-que-asesino-a-un-hombre-tras-una-pelea\/","title":{"rendered":"Liberaron al expolic\u00eda que asesin\u00f3 a un hombre tras una pelea"},"content":{"rendered":"\n<p>La Justicia liber\u00f3 este jueves a Ra\u00fal Fern\u00e1ndez (60), el suboficial retirado de la Polic\u00eda de Corrientes que se encontraba detenido por estar acusado de asesinar de un disparo a otro hombre. El crimen ocurri\u00f3 en septiembre de 2023 en la localidad correntina de Santo Tom\u00e9, m\u00e1s precisamente en la zona conocida como La Curtiembre.&nbsp;<\/p>\n\n\n\n<p>Seg\u00fan indic\u00f3 el portal Urgente Santo Tom\u00e9, Fern\u00e1ndez recuper\u00f3 su libertad porque su defensa habr\u00eda alegado que la detonaci\u00f3n lo hizo como leg\u00edtima defensa y esta postura habr\u00eda convencido para que el Juzgado determine su liberaci\u00f3n.<\/p>\n\n\n\n<p>El acusado se encontraba alojado en la alcaid\u00eda de Santo Tom\u00e9 desde el 27 de septiembre del a\u00f1o pasado, fecha en la que asesin\u00f3 a Arnaldo Fab\u00edan Otaz\u00fa tras haber protagonizado una discusi\u00f3n.<\/p>\n","protected":false},"excerpt":{"rendered":"<p>La Justicia liber\u00f3 este jueves a Ra\u00fal Fern\u00e1ndez (60), el suboficial retirado de la Polic\u00eda de Corrientes que se encontraba detenido por estar acusado de asesinar de un disparo a&hellip; <\/p>\n","protected":false},"author":12,"featured_media":151542,"comment_status":"closed","ping_status":"open","sticky":false,"template":"","format":"standard","meta":{"footnotes":""},"categories":[5],"tags":[],"class_list":["post-151534","post","type-post","status-publish","format-standard","has-post-thumbnail","hentry","category-crimen-y-justicia"],"_links":{"self":[{"href":"https:\/\/corrientesdetarde.com\/index.php\/wp-json\/wp\/v2\/posts\/151534","targetHints":{"allow":["GET"]}}],"collection":[{"href":"https:\/\/corrientesdetarde.com\/index.php\/wp-json\/wp\/v2\/posts"}],"about":[{"href":"https:\/\/corrientesdetarde.com\/index.php\/wp-json\/wp\/v2\/types\/post"}],"author":[{"embeddable":true,"href":"https:\/\/corrientesdetarde.com\/index.php\/wp-json\/wp\/v2\/users\/12"}],"replies":[{"embeddable":true,"href":"https:\/\/corrientesdetarde.com\/index.php\/wp-json\/wp\/v2\/comments?post=151534"}],"version-history":[{"count":1,"href":"https:\/\/corrientesdetarde.com\/index.php\/wp-json\/wp\/v2\/posts\/151534\/revisions"}],"predecessor-version":[{"id":151543,"href":"https:\/\/corrientesdetarde.com\/index.php\/wp-json\/wp\/v2\/posts\/151534\/revisions\/151543"}],"wp:featuredmedia":[{"embeddable":true,"href":"https:\/\/corrientesdetarde.com\/index.php\/wp-json\/wp\/v2\/media\/151542"}],"wp:attachment":[{"href":"https:\/\/corrientesdetarde.com\/index.php\/wp-json\/wp\/v2\/media?parent=151534"}],"wp:term":[{"taxonomy":"category","embeddable":true,"href":"https:\/\/corrientesdetarde.com\/index.php\/wp-json\/wp\/v2\/categories?post=151534"},{"taxonomy":"post_tag","embeddable":true,"href":"https:\/\/corrientesdetarde.com\/index.php\/wp-json\/wp\/v2\/tags?post=151534"}],"curies":[{"name":"wp","href":"https:\/\/api.w.org\/{rel}","templated":true}]}}