{"id":15156,"date":"2022-10-27T18:07:33","date_gmt":"2022-10-27T21:07:33","guid":{"rendered":"https:\/\/corrientesdetarde.com\/?p=15156"},"modified":"2022-10-27T18:07:36","modified_gmt":"2022-10-27T21:07:36","slug":"es-ley-la-extension-de-asignaciones-especificas-para-la-cultura","status":"publish","type":"post","link":"https:\/\/corrientesdetarde.com\/index.php\/cultura\/es-ley-la-extension-de-asignaciones-especificas-para-la-cultura\/","title":{"rendered":"Es ley la extensi\u00f3n de asignaciones espec\u00edficas para la cultura"},"content":{"rendered":"\n<p><a href=\"javascript:void(0);\"><\/a>De este modo, la C\u00e1mara alta le dio el visto bueno a la pr\u00f3rroga por cincuenta a\u00f1os a las asignaciones especificas de impuestos para el sector.\u00a0<\/p>\n\n\n\n<p>El Senado de la Naci\u00f3n aprob\u00f3 este jueves y convirti\u00f3 en ley, el proyecto que establece una pr\u00f3rroga&nbsp;<strong>por cincuenta a\u00f1os para las asignaciones espec\u00edficas de impuestos que benefician a las industrias culturales&nbsp;<\/strong>que se llevan a cabo en todo el territorio de la Argentina.<\/p>\n\n\n\n<p>El proyecto fue sancionado durante una sesi\u00f3n especial que fue seguida desde los palcos por el ministro de Cultura, Trist\u00e1n Bauer.<\/p>\n","protected":false},"excerpt":{"rendered":"<p>De este modo, la C\u00e1mara alta le dio el visto bueno a la pr\u00f3rroga por cincuenta a\u00f1os a las asignaciones especificas de impuestos para el sector.\u00a0 El Senado de la&hellip; <\/p>\n","protected":false},"author":8,"featured_media":15157,"comment_status":"closed","ping_status":"open","sticky":false,"template":"","format":"standard","meta":{"footnotes":""},"categories":[15],"tags":[],"class_list":["post-15156","post","type-post","status-publish","format-standard","has-post-thumbnail","hentry","category-cultura"],"_links":{"self":[{"href":"https:\/\/corrientesdetarde.com\/index.php\/wp-json\/wp\/v2\/posts\/15156","targetHints":{"allow":["GET"]}}],"collection":[{"href":"https:\/\/corrientesdetarde.com\/index.php\/wp-json\/wp\/v2\/posts"}],"about":[{"href":"https:\/\/corrientesdetarde.com\/index.php\/wp-json\/wp\/v2\/types\/post"}],"author":[{"embeddable":true,"href":"https:\/\/corrientesdetarde.com\/index.php\/wp-json\/wp\/v2\/users\/8"}],"replies":[{"embeddable":true,"href":"https:\/\/corrientesdetarde.com\/index.php\/wp-json\/wp\/v2\/comments?post=15156"}],"version-history":[{"count":1,"href":"https:\/\/corrientesdetarde.com\/index.php\/wp-json\/wp\/v2\/posts\/15156\/revisions"}],"predecessor-version":[{"id":15158,"href":"https:\/\/corrientesdetarde.com\/index.php\/wp-json\/wp\/v2\/posts\/15156\/revisions\/15158"}],"wp:featuredmedia":[{"embeddable":true,"href":"https:\/\/corrientesdetarde.com\/index.php\/wp-json\/wp\/v2\/media\/15157"}],"wp:attachment":[{"href":"https:\/\/corrientesdetarde.com\/index.php\/wp-json\/wp\/v2\/media?parent=15156"}],"wp:term":[{"taxonomy":"category","embeddable":true,"href":"https:\/\/corrientesdetarde.com\/index.php\/wp-json\/wp\/v2\/categories?post=15156"},{"taxonomy":"post_tag","embeddable":true,"href":"https:\/\/corrientesdetarde.com\/index.php\/wp-json\/wp\/v2\/tags?post=15156"}],"curies":[{"name":"wp","href":"https:\/\/api.w.org\/{rel}","templated":true}]}}