{"id":151562,"date":"2024-05-30T20:47:06","date_gmt":"2024-05-30T23:47:06","guid":{"rendered":"https:\/\/corrientesdetarde.com\/?p=151562"},"modified":"2024-05-30T20:47:17","modified_gmt":"2024-05-30T23:47:17","slug":"dua-lipa-se-mostro-en-contra-del-genocidio-israeli-quemar-ninos-vivos-nunca-puede-justificarse","status":"publish","type":"post","link":"https:\/\/corrientesdetarde.com\/index.php\/espectaculos\/dua-lipa-se-mostro-en-contra-del-genocidio-israeli-quemar-ninos-vivos-nunca-puede-justificarse\/","title":{"rendered":"Dua Lipa se mostr\u00f3 en contra del &#8220;genocidio israel\u00ed&#8221;: &#8220;Quemar ni\u00f1os vivos nunca puede justificarse&#8221;"},"content":{"rendered":"\n<p>En las \u00faltimas horas, Dua Lipa us\u00f3 sus redes sociales para expresarse sobre las v\u00edctimas en la Franja de Gaza. La artista calific\u00f3 la guerra entre Israel y el grupo islamista Ham\u00e1s como un &#8220;genocidio israel\u00ed&#8221;.<\/p>\n\n\n\n<p><br>La cantante aprovech\u00f3 sus 88 millones de seguidores en Instagram para compartir un contundente mensaje. Dua poste\u00f3 una imagen del grupo Artist4Ceasefire con el hashtag #AllEyesOnRafah. Este mensaje se hizo viral tras los bombardeos de Israel en la ciudad palestina.<\/p>\n\n\n\n<p>&nbsp;&nbsp;<br>&nbsp;<br>&#8220;Quemar ni\u00f1os vivos nunca puede justificarse. El mundo entero se est\u00e1 movilizando para detener el genocidio israel\u00ed. Por favor, muestren su solidaridad con Gaza&#8221;, dijo.<\/p>\n\n\n\n<figure class=\"wp-block-image\"><img decoding=\"async\" src=\"https:\/\/www.radiodos.com.ar\/content\/bucket\/6\/234376w380h610c.jpg.webp\" alt=\"\"\/><\/figure>\n\n\n\n<p>Cabe destacar que esta no es la primera vez que Dua Lipa expresa su apoyo sobre los derechos humanos, como lo hicieron diferentes artistas y figuras del espect\u00e1culo.<\/p>\n\n\n\n<p>&#8220;Cada d\u00eda que pasa, me duele el coraz\u00f3n por el pueblo de Israel y Palestina. Dolor por las vidas perdidas en los ataques en Israel. Dolor al ser testigo del sufrimiento sin precedentes en Gaza&#8230;&#8221;, escribi\u00f3 en septiembre pasado.<\/p>\n","protected":false},"excerpt":{"rendered":"<p>En las \u00faltimas horas, Dua Lipa us\u00f3 sus redes sociales para expresarse sobre las v\u00edctimas en la Franja de Gaza. La artista calific\u00f3 la guerra entre Israel y el grupo&hellip; <\/p>\n","protected":false},"author":12,"featured_media":151563,"comment_status":"closed","ping_status":"open","sticky":false,"template":"","format":"standard","meta":{"footnotes":""},"categories":[19],"tags":[],"class_list":["post-151562","post","type-post","status-publish","format-standard","has-post-thumbnail","hentry","category-espectaculos"],"_links":{"self":[{"href":"https:\/\/corrientesdetarde.com\/index.php\/wp-json\/wp\/v2\/posts\/151562","targetHints":{"allow":["GET"]}}],"collection":[{"href":"https:\/\/corrientesdetarde.com\/index.php\/wp-json\/wp\/v2\/posts"}],"about":[{"href":"https:\/\/corrientesdetarde.com\/index.php\/wp-json\/wp\/v2\/types\/post"}],"author":[{"embeddable":true,"href":"https:\/\/corrientesdetarde.com\/index.php\/wp-json\/wp\/v2\/users\/12"}],"replies":[{"embeddable":true,"href":"https:\/\/corrientesdetarde.com\/index.php\/wp-json\/wp\/v2\/comments?post=151562"}],"version-history":[{"count":1,"href":"https:\/\/corrientesdetarde.com\/index.php\/wp-json\/wp\/v2\/posts\/151562\/revisions"}],"predecessor-version":[{"id":151564,"href":"https:\/\/corrientesdetarde.com\/index.php\/wp-json\/wp\/v2\/posts\/151562\/revisions\/151564"}],"wp:featuredmedia":[{"embeddable":true,"href":"https:\/\/corrientesdetarde.com\/index.php\/wp-json\/wp\/v2\/media\/151563"}],"wp:attachment":[{"href":"https:\/\/corrientesdetarde.com\/index.php\/wp-json\/wp\/v2\/media?parent=151562"}],"wp:term":[{"taxonomy":"category","embeddable":true,"href":"https:\/\/corrientesdetarde.com\/index.php\/wp-json\/wp\/v2\/categories?post=151562"},{"taxonomy":"post_tag","embeddable":true,"href":"https:\/\/corrientesdetarde.com\/index.php\/wp-json\/wp\/v2\/tags?post=151562"}],"curies":[{"name":"wp","href":"https:\/\/api.w.org\/{rel}","templated":true}]}}