{"id":151577,"date":"2024-05-31T08:27:56","date_gmt":"2024-05-31T11:27:56","guid":{"rendered":"https:\/\/corrientesdetarde.com\/?p=151577"},"modified":"2024-05-31T10:22:15","modified_gmt":"2024-05-31T13:22:15","slug":"el-peor-momento-de-nuestras-vidas-quien-era-la-nena-violada-y-asesinada-a-punaladas-que-conmociona-a-corrientes","status":"publish","type":"post","link":"https:\/\/corrientesdetarde.com\/index.php\/crimen-y-justicia\/el-peor-momento-de-nuestras-vidas-quien-era-la-nena-violada-y-asesinada-a-punaladas-que-conmociona-a-corrientes\/","title":{"rendered":"&#8220;El peor momento de nuestras vidas&#8221;: Qui\u00e9n era la nena violada y asesinada a pu\u00f1aladas que conmociona a Corrientes\u00a0"},"content":{"rendered":"\n<p>Milagros Espinosa\u00a0, una nena de 14 a\u00f1os que era buscada intensamente desde este martes, fue hallada asesinada en un arroyo de Monte Caseros, en la provincia de Corrientes. Seg\u00fan\u00a0los datos de la autopsia, fue violada y apu\u00f1alada en el pecho.\u00a0\u00a0<\/p>\n\n\n\n<p>La familia de Milagros denunci\u00f3 su desaparici\u00f3n el 28 de mayo pasado. Ayer, un grupo de vecinos del barrio Florida encontr\u00f3 el cuerpo flotando en el curso de agua denominado &#8220;Mamang\u00e1&#8221;.<\/p>\n\n\n\n<figure class=\"wp-block-image\"><img decoding=\"async\" src=\"https:\/\/www.radiodos.com.ar\/content\/bucket\/2\/234432w790h420c.jpg.webp\" alt=\"\"\/><figcaption class=\"wp-element-caption\">El cuerpo de la menor fue trasladado a la morgue de la ciudad de Paso de los Libres.Cr\u00e9dito: Canal 5 Monte Caseros<\/figcaption><\/figure>\n\n\n\n<h3 class=\"wp-block-heading\">El momento m\u00e1s doloroso&nbsp;<\/h3>\n\n\n\n<p>Milagros\u00a0\u00a0ten\u00eda seis hermanos, Guadalupe, Norma, Bernabela, Ramon, Oscar y Carlos. &#8220;Justicia por m\u00ed hermana que tan solo una nena&#8221;, escribi\u00f3 su hermana Bernabela en redes sociales. Y agreg\u00f3 fotos de los supuestos autores del hecho con la frase &#8220;psic\u00f3patas de mierda&#8221;.\u00a0<\/p>\n\n\n\n<figure class=\"wp-block-image\"><img decoding=\"async\" src=\"https:\/\/www.radiodos.com.ar\/content\/bucket\/6\/234446w790h465c.png.webp\" alt=\"\"\/><\/figure>\n\n\n\n<p><strong>&#8220;Jam\u00e1s me imagin\u00e9 estar pasando esto, es tan injusto con nuestra familia&#8221;<\/strong>, manifest\u00f3 la hermana de la menor .\u00a0 &#8220;Milagros siempre fue una nena buena, amable, siempre te recib\u00eda con una sonrisa de oreja a oreja&#8221;, record\u00f3 emocionada Bernabela. &#8220;Yo tengo un hijo a la que ella lo quer\u00eda demasiado. A los sobrinos de mi hermana ella quer\u00eda mucho tambi\u00e9n&#8221;, ponder\u00f3.\u00a0<\/p>\n\n\n\n<p>&#8220;No s\u00e9 el d\u00eda de ma\u00f1ana que har\u00e9 cuando me pregunten mis hijos o los hijos de mi hermana por el paradero de Mili&#8221;, indic\u00f3.&nbsp;&nbsp;<strong>&#8220;Todav\u00eda no caemos de todo lo que pas\u00f3&#8221;,<\/strong>&nbsp;agreg\u00f3. &#8220;Es el momento m\u00e1s doloroso de nuestras vidas&#8221;, lament\u00f3 la hermana.&nbsp;<\/p>\n\n\n\n<figure class=\"wp-block-image\"><img decoding=\"async\" src=\"https:\/\/www.radiodos.com.ar\/content\/bucket\/8\/234428w790h444c.jpg.webp\" alt=\"\"\/><figcaption class=\"wp-element-caption\">As\u00ed despidieron los restos de Milagros Espinoza en el Cementerio de Nuestra Se\u00f1ora de la Misericordia de Monte Caseros<\/figcaption><\/figure>\n\n\n\n<p><strong>&#8220;Milagros siempre ten\u00eda voluntad para ir a la Escuela<\/strong>&nbsp;y juntarse con sus compa\u00f1eras para hacer proyectos&#8221;, remarc\u00f3 Bernabela. &#8220;Era muy inteligente y le gustaba estudiar&#8221;, se\u00f1al\u00f3.&nbsp;<\/p>\n\n\n\n<p>Por su parte, Oscar, hermano de Mili, relat\u00f3 que ella tenia que ir al Colegio. &#8220;La \u00faltima vez que la vi fue con mam\u00e1 a buscar mandarinas y despu\u00e9s no apareci\u00f3 m\u00e1s&#8221;, record\u00f3.&nbsp; &#8220;Era una chica muy buena, nunca tuvo problemas con nadie, por eso no lo podemos creer&#8221;, expres\u00f3 Oscar a Canal 5 de Monte Caseros. &#8220;Queremos que se haga justicia porque nos dijeron que fueron los porte\u00f1os&#8221;, lament\u00f3.&nbsp;<\/p>\n\n\n\n<figure class=\"wp-block-image\"><img decoding=\"async\" src=\"https:\/\/www.radiodos.com.ar\/content\/bucket\/4\/234444w790h546c.jpg.webp\" alt=\"\"\/><figcaption class=\"wp-element-caption\">Milagros &#8220;siempre fue una nena buena que te recib\u00eda con una sonrisa de oreja a oreja&#8221;Cr\u00e9dito: GENTILEZA<\/figcaption><\/figure>\n\n\n\n<h3 class=\"wp-block-heading\">El macabro hecho<\/h3>\n\n\n\n<p>Milagros fue hallada asesinada en un arroyo, tras ser violada y apu\u00f1alada en el pecho. Resta el informe completo de los forenses para conocer otros detalles del estremecedor crimen.&nbsp;&#8220;Cuando comenz\u00f3 a correr la noticia del hallazgo del cuerpo de Mili, un grupo de personas reaccion\u00f3 y se dirigi\u00f3 a la casa de unos muchachos conocidos como &#8220;los porte\u00f1os&#8221;.<\/p>\n\n\n\n<p>&#8220;Ellos huyeron y les prendieron fuego a la vivienda&#8221;, cont\u00f3 un vecino a Canal 5 de Monte Caseros. La casilla estaba ubicada a unos 50 metros del sitio donde encontraron el cad\u00e1ver de la adolescente en las esquinas de Uspallata y Mendoza.&nbsp;<\/p>\n\n\n\n<p>Tres hermanos fueron detenidos por la Polic\u00eda de Corrientes luego por el femicidio. Se trata de Cristian E., de 33 a\u00f1os, Jorge E., de 27, y un adolescente de 17 a\u00f1os. La fiscal Clara Bel\u00e9n Arr\u00faa, a cargo del caso,<a href=\"https:\/\/www.radiodos.com.ar\/167167-conmocion-por-el-femicidio-de-una-menor-en-corrientes-el-abuso-fue-confirmado\">\u00a0<\/a>que los hermanos presos &#8220;se encontraban desde hace pocos meses ocupando una casilla&#8221;.<\/p>\n\n\n\n<p>Los detenidos son oriundos de la localidad bonaerense de La Matanza.&nbsp;<strong>&#8220;Los principales sospechosos y posibles autores est\u00e1n detenidos<\/strong>, queremos llevar esa tranquilidad. Se est\u00e1n recabando las evidencias suficientes para llegar a la soluci\u00f3n del caso. No puedo dar muchos datos debido a que es muy reciente&#8221;, respondi\u00f3 la fiscal Arr\u00faa quien, adem\u00e1s, inform\u00f3 que se est\u00e1 &#8220;haciendo el acompa\u00f1amiento de la madre como v\u00edctima colateral&#8221;.<\/p>\n\n\n\n<p><strong>&#8220;La calificaci\u00f3n provisoria es abuso sexual con acceso carnal y de femicidio&#8221;,&nbsp;<\/strong>&nbsp;indic\u00f3. &#8220;Se han entrevistado a seis personas que estuvieron en el lugar del hecho, que han colaborado para poder aportar datos importantes para la investigaci\u00f3n&#8221;, agreg\u00f3.<\/p>\n\n\n\n<p>&#8220;La ni\u00f1a viv\u00eda con la madre, muy presente, muy cuidadosa y hemos hablado con ella. Y viv\u00edan aproximadamente a dos cuadras de este lugar, y eran conocidos de estas personas porque jugaba con la sobrina de uno de estos&#8221;,la fiscal a cargo del caso, Clara Bel\u00e9n Arr\u00faa.<\/p>\n\n\n\n<h3 class=\"wp-block-heading\"><strong>\u00daltimo adi\u00f3s&nbsp;<\/strong>&nbsp;<\/h3>\n\n\n\n<p>En medio de un inmenso dolor, familiares, amigos y vecinos despidieron los restos de Milagros este jueves en el Cementerio de la Misericordia tras ser velados entre la noche de este mi\u00e9rcoles y el mediod\u00eda de este jueves.<\/p>\n\n\n\n<p>En un clima desgarrador familiares, amigos y vecinos escoltaron el f\u00e9retro con los restos de la peque\u00f1a hasta el cementerio local. Nicacia, mam\u00e1 de Mili sufri\u00f3 una descompensaci\u00f3n y fue retirada del lugar con la ayuda de sus allegados.<\/p>\n\n\n\n<h3 class=\"wp-block-heading\"><strong>Pedido de justicia&nbsp;<\/strong>&nbsp;<\/h3>\n\n\n\n<p>Familiares de Milagros , junto a integrantes de organizaciones y vecinos en general llegaron al Concejo Deliberante exigiendo justicia por la ni\u00f1a de 14 a\u00f1os brutalmente asesinada. Portando carteles con la leyenda &#8220;Justicia por Milagros&#8221; familiares de Mili y vecinos colmaron el Sal\u00f3n Dorado de la Municipalidad, donde se proced\u00eda a desarrollar la sesi\u00f3n del Concejo Deliberante para pedir justicia tras el asesinato de la peque\u00f1a que sacudi\u00f3 a la comunidad y reclamar acompa\u00f1amiento para con la familia de la v\u00edctima.<\/p>\n\n\n\n<p>En un clima tenso la familia y los vecinos reclamaron ser escuchados y la palabra de los ediles. Hubo cruces de opiniones y finalmente, resolvieron levantar la sesi\u00f3n prevista y escuchar a quienes se acercaron a reclamar.<\/p>\n\n\n\n<figure class=\"wp-block-image\"><img decoding=\"async\" src=\"https:\/\/www.radiodos.com.ar\/content\/bucket\/1\/234441w790h413c.jpg.webp\" alt=\"\"\/><figcaption class=\"wp-element-caption\">Familiares de Milagros Espinosa, junto a integrantes de organizaciones y vecinos en general llegaron al Concejo Deliberante exigiendo justicia por la ni\u00f1aCr\u00e9dito: Monte Caseros Online<\/figcaption><\/figure>\n\n\n\n<p>Ante la exigencia de los auto convocados para que este aberrante hecho sea tratado de forma inmediata se procedi\u00f3 a exponer un proyecto de declaraci\u00f3n en el que el cuerpo repudi\u00f3 en\u00e9rgicamente el femicidio de la joven y afirm\u00f3 que instar\u00e1 a todos los organismos del Estado a acompa\u00f1ar y dar contenci\u00f3n a la familia de Milagros.<\/p>\n\n\n\n<p>Las autoridades de la escuela en que la menor hizo la primaria\u00a0, la despidieron en las redes e hicieron un fuerte pedido de justicia por el crimen de la menor. &#8220;La comunidad educativa de la Escuela N\u00ba 646 \u2018Pedro R\u00f3mulo Tuoti\u2019 lamenta profundamente el fallecimiento de nuestra exalumna; que su vida tan joven haya sido arrebatada de esta manera&#8221;, indicaron. &#8220;Como comunidad exigimos que se investigue como corresponde que se lleve a cabo una investigaci\u00f3n exhaustiva y transparente, y que se haga justicia en honor a la memoria de Milagros. Es imperativo que los culpables de este acto atroz sean identificados y penados conforme a la Ley&#8221;, agregaron.<\/p>\n\n\n\n<p>Por otro lado, en la instituci\u00f3n a la que asist\u00eda actualmente, las autoridades tambi\u00e9n despidieron a la jovencita y decretaron un d\u00eda de duelo en todos los niveles educativos del turno tarde. &#8220;La comunidad educativa de la Escuela Normal &#8220;Ram\u00f3n J C\u00e1rcano&#8221;, lamenta con profundo dolor la p\u00e9rdida de Mili Espinosa, alumna de primer a\u00f1o de nuestra instituci\u00f3n. Abrazamos a su familia en este triste momento y que brille para Mili la luz que no tiene fin&#8221;, indicaron. &#8220;En su honor se decret\u00f3 duelo en todos los niveles educativos del turno tarde: Secundaria turno tarde, Departamento de Aplicaci\u00f3n, Nivel inicial, Extensi\u00f3n \u00e1ulica&#8221;, culminaron.<\/p>\n","protected":false},"excerpt":{"rendered":"<p>Milagros Espinosa\u00a0, una nena de 14 a\u00f1os que era buscada intensamente desde este martes, fue hallada asesinada en un arroyo de Monte Caseros, en la provincia de Corrientes. Seg\u00fan\u00a0los datos&hellip; <\/p>\n","protected":false},"author":12,"featured_media":151586,"comment_status":"closed","ping_status":"open","sticky":false,"template":"","format":"standard","meta":{"footnotes":""},"categories":[5],"tags":[],"class_list":["post-151577","post","type-post","status-publish","format-standard","has-post-thumbnail","hentry","category-crimen-y-justicia"],"_links":{"self":[{"href":"https:\/\/corrientesdetarde.com\/index.php\/wp-json\/wp\/v2\/posts\/151577","targetHints":{"allow":["GET"]}}],"collection":[{"href":"https:\/\/corrientesdetarde.com\/index.php\/wp-json\/wp\/v2\/posts"}],"about":[{"href":"https:\/\/corrientesdetarde.com\/index.php\/wp-json\/wp\/v2\/types\/post"}],"author":[{"embeddable":true,"href":"https:\/\/corrientesdetarde.com\/index.php\/wp-json\/wp\/v2\/users\/12"}],"replies":[{"embeddable":true,"href":"https:\/\/corrientesdetarde.com\/index.php\/wp-json\/wp\/v2\/comments?post=151577"}],"version-history":[{"count":1,"href":"https:\/\/corrientesdetarde.com\/index.php\/wp-json\/wp\/v2\/posts\/151577\/revisions"}],"predecessor-version":[{"id":151587,"href":"https:\/\/corrientesdetarde.com\/index.php\/wp-json\/wp\/v2\/posts\/151577\/revisions\/151587"}],"wp:featuredmedia":[{"embeddable":true,"href":"https:\/\/corrientesdetarde.com\/index.php\/wp-json\/wp\/v2\/media\/151586"}],"wp:attachment":[{"href":"https:\/\/corrientesdetarde.com\/index.php\/wp-json\/wp\/v2\/media?parent=151577"}],"wp:term":[{"taxonomy":"category","embeddable":true,"href":"https:\/\/corrientesdetarde.com\/index.php\/wp-json\/wp\/v2\/categories?post=151577"},{"taxonomy":"post_tag","embeddable":true,"href":"https:\/\/corrientesdetarde.com\/index.php\/wp-json\/wp\/v2\/tags?post=151577"}],"curies":[{"name":"wp","href":"https:\/\/api.w.org\/{rel}","templated":true}]}}