{"id":151580,"date":"2024-05-31T08:19:40","date_gmt":"2024-05-31T11:19:40","guid":{"rendered":"https:\/\/corrientesdetarde.com\/?p=151580"},"modified":"2024-05-31T08:19:52","modified_gmt":"2024-05-31T11:19:52","slug":"la-feria-del-parque-mitre-los-espera-para-almorzar","status":"publish","type":"post","link":"https:\/\/corrientesdetarde.com\/index.php\/locales\/la-feria-del-parque-mitre-los-espera-para-almorzar\/","title":{"rendered":"La Feria del Parque Mitre los espera para almorzar"},"content":{"rendered":"\n<p><\/p>\n\n\n\n<p>La Feria Expo Emprendedora del Ministerio de Desarrollo Social de la Provincia, que se realiza en el Parque Mitre de la ciudad de Corrientes, desde este domingo&nbsp;abre las puertas m\u00e1s temprano, es decir desde las 11 horas, para que las personas puedan acrecarse a almorzar o llevar su vianda. La misma est\u00e1 bajo la coordinaci\u00f3n de la Direcci\u00f3n de Comercializaci\u00f3n, cuya titular es D\u00e9bora Galarza Alcaraz.<\/p>\n\n\n\n<p>De esa manera, funcionar\u00e1 desde dicho horario a 19, con patio de comidas y espect\u00e1culos musicales. Se contar\u00e1 adem\u00e1s con la exhibici\u00f3n de autos antiguos de la Asociaci\u00f3n &#8220;Team Baranda&#8221;, que estar\u00e1n recaudando ropas y alimentos no perecederos para colaborar con comedores de la ciudad.<\/p>\n\n\n\n<p>Ser\u00e1n m\u00e1s de 350 los&nbsp;emprendedores que estar\u00e1n exponiendo sus productos en diferentes rubros: textil, tejidos, cester\u00eda, maderas, alimentos envasados, sublimaci\u00f3n, reventa, entre otros.<\/p>\n\n\n\n<p>Tambi\u00e9n, la Multiferia se habilitar\u00e1 este domingo en el Parque El Eucaliptal en el barrio San Ger\u00f3nimo, de 14 a 19 horas, con exposici\u00f3n y venta de emprendedores y artesanos.<\/p>\n\n\n\n<p><strong>En Paseo San Luis<\/strong><\/p>\n\n\n\n<p>Como todo los viernes, este no ser\u00e1 la excepci\u00f3n con el Paseo de Artesanos &#8220;San Luis&#8221;, ubicado en el barrio Camba Cu\u00e1, en San Luis 680, donde se podr\u00e1 disfrutar de una excelente gastronom\u00eda y locales de ventas de productos artesanales, mientras se disfruta de un espect\u00e1culo musical, que desde las 21.30 se contar\u00e1 con la actuaci\u00f3n de Leo Acu\u00f1a.<\/p>\n","protected":false},"excerpt":{"rendered":"<p>La Feria Expo Emprendedora del Ministerio de Desarrollo Social de la Provincia, que se realiza en el Parque Mitre de la ciudad de Corrientes, desde este domingo&nbsp;abre las puertas m\u00e1s&hellip; <\/p>\n","protected":false},"author":12,"featured_media":151581,"comment_status":"closed","ping_status":"open","sticky":false,"template":"","format":"standard","meta":{"footnotes":""},"categories":[8,17],"tags":[],"class_list":["post-151580","post","type-post","status-publish","format-standard","has-post-thumbnail","hentry","category-locales","category-sociales"],"_links":{"self":[{"href":"https:\/\/corrientesdetarde.com\/index.php\/wp-json\/wp\/v2\/posts\/151580","targetHints":{"allow":["GET"]}}],"collection":[{"href":"https:\/\/corrientesdetarde.com\/index.php\/wp-json\/wp\/v2\/posts"}],"about":[{"href":"https:\/\/corrientesdetarde.com\/index.php\/wp-json\/wp\/v2\/types\/post"}],"author":[{"embeddable":true,"href":"https:\/\/corrientesdetarde.com\/index.php\/wp-json\/wp\/v2\/users\/12"}],"replies":[{"embeddable":true,"href":"https:\/\/corrientesdetarde.com\/index.php\/wp-json\/wp\/v2\/comments?post=151580"}],"version-history":[{"count":1,"href":"https:\/\/corrientesdetarde.com\/index.php\/wp-json\/wp\/v2\/posts\/151580\/revisions"}],"predecessor-version":[{"id":151582,"href":"https:\/\/corrientesdetarde.com\/index.php\/wp-json\/wp\/v2\/posts\/151580\/revisions\/151582"}],"wp:featuredmedia":[{"embeddable":true,"href":"https:\/\/corrientesdetarde.com\/index.php\/wp-json\/wp\/v2\/media\/151581"}],"wp:attachment":[{"href":"https:\/\/corrientesdetarde.com\/index.php\/wp-json\/wp\/v2\/media?parent=151580"}],"wp:term":[{"taxonomy":"category","embeddable":true,"href":"https:\/\/corrientesdetarde.com\/index.php\/wp-json\/wp\/v2\/categories?post=151580"},{"taxonomy":"post_tag","embeddable":true,"href":"https:\/\/corrientesdetarde.com\/index.php\/wp-json\/wp\/v2\/tags?post=151580"}],"curies":[{"name":"wp","href":"https:\/\/api.w.org\/{rel}","templated":true}]}}