{"id":151609,"date":"2024-05-31T09:28:18","date_gmt":"2024-05-31T12:28:18","guid":{"rendered":"https:\/\/corrientesdetarde.com\/?p=151609"},"modified":"2024-05-31T09:28:29","modified_gmt":"2024-05-31T12:28:29","slug":"nacion-confirmo-que-no-financiara-los-juegos-evita-y-hay-preocupacion-en-mendoza","status":"publish","type":"post","link":"https:\/\/corrientesdetarde.com\/index.php\/informacion-general\/nacion-confirmo-que-no-financiara-los-juegos-evita-y-hay-preocupacion-en-mendoza\/","title":{"rendered":"Naci\u00f3n confirm\u00f3 que no financiar\u00e1 los Juegos Evita y hay preocupaci\u00f3n en Mendoza"},"content":{"rendered":"\n<p>El secretario de Turismo, Ambiente y Deportes,\u00a0<strong>Daniel Scioli<\/strong>, confirm\u00f3 en las \u00faltimas horas que los tradicionales\u00a0<strong>Juegos Evita<\/strong>, que el a\u00f1o pasado cumplieron 75 a\u00f1os de vida, tendr\u00e1 un fuerte cambio en el 2024. Por un lado, se decidi\u00f3 el cambio de su\u00a0nombre, ya que pasar\u00e1n a llamarse &#8220;Juegos de Alto Rendimiento&#8221;.\u00a0Por el otro, se anunci\u00f3 un profundo recorte en las disciplinas y las categor\u00edas, lo que llevar\u00e1 el\u00a0ajuste presupuestario\u00a0a un 70% del aporte del\u00a0<strong>Gobierno\u00a0<\/strong>nacional en estas competencias.<\/p>\n\n\n\n<p>,\u00a0<strong>Federico Chiapetta<\/strong>, subsecretario de Deportes de Mendoza, indic\u00f3 que: &#8220;El Gobierno nacional no va a poner ni un peso para financiar los Evita, eso es lo que hablamos el lunes (con el subsecretario de Deportes de la Naci\u00f3n, Julio Garro)\u00a0nos comunicaron eso, que no hay dinero. Nos propusieron llevar 360 participantes por provincia y que cada provincia tiene que financiar su delegaci\u00f3n. No sabemos qu\u00e9 vamos a hacer, se trata de unos 400 millones de pesos&#8221;.<\/p>\n\n\n\n<p>El recorte es importante: de los 900 que ten\u00edan planificado viajar a Mar del Plata en noviembre para la realizaci\u00f3n de los&nbsp;<strong>Juegos Evita<\/strong>, ahora solamente podr\u00edan viajar unos 360 y &#8220;en el mejor de los casos&#8221;, ya que en el \u00e1rea de Deportes del Gobierno provincial a\u00fan siguen analizando qu\u00e9 decisi\u00f3n tomar respecto de la medida del Gobierno nacional.<\/p>\n\n\n\n<p>A su vez,&nbsp;<strong>Chiapetta&nbsp;<\/strong>insisti\u00f3 en que &#8220;no hay di\u00e1logo&#8221; con el Gobierno nacional en esta materia. &#8220;Salvo la reuni\u00f3n del lunes que fue por Zoom, de mi parte el di\u00e1logo es cero. Buscamos que haya una reuni\u00f3n presencial&#8221;, destac\u00f3 el funcionario de Cornejo. En concreto, la pr\u00f3xima semana buscar\u00e1n reunirse de forma presencial con Scioli o con su equipo de trabajo para entender m\u00e1s sobre la decisi\u00f3n de Naci\u00f3n y ver si puede ser o no revertible la medida. El funcionario mendocino destac\u00f3 que a\u00fan conservan el optimismo para que haya alg\u00fan tipo de financiamiento para los deportistas de las provincias.<\/p>\n\n\n\n<p>En ese punto, buscan tambi\u00e9n saber qu\u00e9 har\u00e1n otras provincias. no hay una decisi\u00f3n tomada por parte de las provincias m\u00e1s cercanas a\u00a0<strong>Mendoza\u00a0<\/strong>pero en caso de que vayan lo tendr\u00e1n que hacer afrontando sus costos para un total muy reducido de deportistas. Esos costos abarcan: viaje de ida y vuelta, estad\u00eda y comida para los mendocinos que viajen.<\/p>\n\n\n\n<p>Chiapetta inform\u00f3 que s\u00ed est\u00e1n garantizados los&nbsp;<strong>Juegos Sanmartinianos<\/strong>&nbsp;en el que participar\u00e1n unos 70.000 chicos y que en las pr\u00f3ximas semanas se tendr\u00e1 que tomar una decisi\u00f3n respecto de la participaci\u00f3n o no de Mendoza en los tradicionales Evita.<\/p>\n\n\n\n<p>Seg\u00fan se pudo averiguar &#8220;m\u00e1s adelante&#8221; habr\u00e1 nuevas reuniones con titulares de las carteras de Deportes de todas las provincias para brindar m\u00e1s detalles de la edici\u00f3n de los&nbsp;<strong>Evita&nbsp;<\/strong>reducidos.&nbsp;La idea es que esta competencia nacional deportiva se lleve adelante&nbsp;del 4 al 9 de noviembre&nbsp;con \u201cun esfuerzo compartido\u201d y con \u201cuna impronta que permita que la participaci\u00f3n de j\u00f3venes que puedan avanzar &#8220;hacia el deporte de alto rendimiento rest\u00e1ndole todo contenido social&#8221;, seg\u00fan destacaron desde Naci\u00f3n.<\/p>\n","protected":false},"excerpt":{"rendered":"<p>El secretario de Turismo, Ambiente y Deportes,\u00a0Daniel Scioli, confirm\u00f3 en las \u00faltimas horas que los tradicionales\u00a0Juegos Evita, que el a\u00f1o pasado cumplieron 75 a\u00f1os de vida, tendr\u00e1 un fuerte cambio&hellip; <\/p>\n","protected":false},"author":12,"featured_media":151622,"comment_status":"closed","ping_status":"open","sticky":false,"template":"","format":"standard","meta":{"footnotes":""},"categories":[1],"tags":[],"class_list":["post-151609","post","type-post","status-publish","format-standard","has-post-thumbnail","hentry","category-informacion-general"],"_links":{"self":[{"href":"https:\/\/corrientesdetarde.com\/index.php\/wp-json\/wp\/v2\/posts\/151609","targetHints":{"allow":["GET"]}}],"collection":[{"href":"https:\/\/corrientesdetarde.com\/index.php\/wp-json\/wp\/v2\/posts"}],"about":[{"href":"https:\/\/corrientesdetarde.com\/index.php\/wp-json\/wp\/v2\/types\/post"}],"author":[{"embeddable":true,"href":"https:\/\/corrientesdetarde.com\/index.php\/wp-json\/wp\/v2\/users\/12"}],"replies":[{"embeddable":true,"href":"https:\/\/corrientesdetarde.com\/index.php\/wp-json\/wp\/v2\/comments?post=151609"}],"version-history":[{"count":1,"href":"https:\/\/corrientesdetarde.com\/index.php\/wp-json\/wp\/v2\/posts\/151609\/revisions"}],"predecessor-version":[{"id":151623,"href":"https:\/\/corrientesdetarde.com\/index.php\/wp-json\/wp\/v2\/posts\/151609\/revisions\/151623"}],"wp:featuredmedia":[{"embeddable":true,"href":"https:\/\/corrientesdetarde.com\/index.php\/wp-json\/wp\/v2\/media\/151622"}],"wp:attachment":[{"href":"https:\/\/corrientesdetarde.com\/index.php\/wp-json\/wp\/v2\/media?parent=151609"}],"wp:term":[{"taxonomy":"category","embeddable":true,"href":"https:\/\/corrientesdetarde.com\/index.php\/wp-json\/wp\/v2\/categories?post=151609"},{"taxonomy":"post_tag","embeddable":true,"href":"https:\/\/corrientesdetarde.com\/index.php\/wp-json\/wp\/v2\/tags?post=151609"}],"curies":[{"name":"wp","href":"https:\/\/api.w.org\/{rel}","templated":true}]}}