{"id":151610,"date":"2024-05-31T09:26:57","date_gmt":"2024-05-31T12:26:57","guid":{"rendered":"https:\/\/corrientesdetarde.com\/?p=151610"},"modified":"2024-05-31T09:27:01","modified_gmt":"2024-05-31T12:27:01","slug":"javier-milei-pierde-un-aliado-estrategico-en-el-gran-buenos-aires-y-se-descompone-el-armado-libertario","status":"publish","type":"post","link":"https:\/\/corrientesdetarde.com\/index.php\/politica\/javier-milei-pierde-un-aliado-estrategico-en-el-gran-buenos-aires-y-se-descompone-el-armado-libertario\/","title":{"rendered":"Javier Milei pierde un aliado estrat\u00e9gico en el Gran Buenos Aires y se descompone el armado libertario"},"content":{"rendered":"\n<p><strong>Joaqu\u00edn de la Torre<\/strong>\u00a0no se esperaba que su hermano, Pablo, fuera despedido del Ministerio de Capital Humano a pesar de algunas advertencias que ven\u00eda recibiendo. Ven\u00eda construyendo una relaci\u00f3n personal con la ministra\u00a0<strong>Sandra Pettovello<\/strong>\u00a0que no hab\u00eda empezado del todo bien. Inclusive hubo varias versiones de que el secretario de Desarrollo Social, harto porque no le aprobaban la contrataci\u00f3n de algunos colaboradores, ten\u00eda ganas de irse.<\/p>\n\n\n\n<p>El exintendente de San Miguel y actual senador provincial libertario fue el primero que advirti\u00f3 el fen\u00f3meno de&nbsp;<strong>Javier Milei.<\/strong>&nbsp;De hecho, mientras estaba por definirse su frustrada candidatura a gobernador por la l\u00ednea interna que apoyaba a Patricia Bullrich en Juntos por el Cambio, muy cerca del anarco libertario lo hab\u00edan tentado con ser su representante provincial. Luego de varias vacilaciones, declin\u00f3 la oferta.<\/p>\n\n\n\n<p>A pesar de&nbsp;manifestar su respaldo a la idea libertaria antes de que \u201cel loco\u201d llegara al poder,&nbsp;no alcanzaba a doblegar su idea de cambio la candidatura de su amigo Sergio Massa, con quien no volvi\u00f3 a hacer pol\u00edtica desde 2016, cuando empez\u00f3 a formar parte del equipo de Mar\u00eda Eugenia Vidal en la provincia de Buenos Aires. \u201cYa me estoy yendo\u201d, le hab\u00eda advertido a varios amigos hace m\u00e1s de un mes&nbsp;<strong>De la Torre<\/strong>, que ped\u00eda que nadie hablara dentro de su equipo para no perjudicar el trabajo de su hermano Pablo en la secretar\u00eda de Desarrollo Humano, quien por su parte no dio entrevistas durante los cinco meses que trabaj\u00f3.&nbsp;<\/p>\n\n\n\n<p>Sin embargo, durante ese proceso, donde cada vez ve\u00eda con m\u00e1s preocupaci\u00f3n el sentido del Gobierno, se uni\u00f3 al bloque libertario\u00a0en el Senado provincial, donde primero hab\u00eda conformado el monobloque Derecha Popular. Carlos Curistis es el presidente de ese grupo de tres legisladores, en el que ahora quedaron solo dos. La otra es la inestable Florencia Arietto, que pas\u00f3 de apoyar a Horacio Rodr\u00edguez Larreta y Diego Santilli sin ning\u00fan filtro intelectual a\u00a0La Libertad Avanza.<\/p>\n\n\n\n<p>Sin embargo, para entender la resoluci\u00f3n de\u00a0<strong>Pettovello<\/strong>\u00a0hay que mirar la inestabilidad emocional y discursiva de todo el Gobierno. Manuel Adorni, quien ya sue\u00f1a con una candidatura a senador nacional, hab\u00eda dicho en una de sus habituales conferencias de prensa que no iban a repartir la comida guardada en los galpones del Ministerio que pretend\u00eda el fallo judicial de Sebasti\u00e1n Casanello porque m\u00e1s de la mitad era yerba mate. No hab\u00eda comida, dijo.<\/p>\n\n\n\n<figure class=\"wp-block-image\"><img decoding=\"async\" src=\"https:\/\/www.mdzol.com\/u\/fotografias\/m\/2024\/5\/31\/f768x400-1602465_1646368_31.jpeg\" alt=\"\"\/><figcaption class=\"wp-element-caption\">En el fondo, hace una semana, de la Torre, con Milei, Pareja, Curistis y Arieto. Fin.<\/figcaption><\/figure>\n\n\n\n<p>Tambi\u00e9n la renovada halc\u00f3n&nbsp;pero ahora libertaria&nbsp;Patricia Bullrich&nbsp;sali\u00f3 a defender la postura oficial sobre la distribuci\u00f3n alimentaria porque el Gobierno \u201cno se guarda nada\u201d y \u201clo que hace es impedir que se roben la comida\u201d.&nbsp;Es decir, la decisi\u00f3n oficial siempre fue no repartir comida a sabiendas de las irregularidades observadas en los comedores comunitarios dependientes de las organizaciones sociales ahora denunciadas. Pero, supuestamente, el secretario es despedido por no repartir alimentos. Fin.&nbsp;<\/p>\n\n\n\n<p>La gesti\u00f3n de Desarrollo Social no sufri\u00f3 ninguna crisis social a pesar de la dur\u00edsima restricci\u00f3n presupuestaria dispuesta por el ministro Luis Caputo, otro de los que discuti\u00f3 fuertemente con\u00a0<strong>Pettovello<\/strong>\u00a0al inicio de la gesti\u00f3n. De hecho, el nombre de\u00a0<strong>Joaqu\u00edn de la Torre\u00a0<\/strong>apareci\u00f3\u00a0al frente de la Secretar\u00eda de Transporte. Al parecer, el ministro de Econom\u00eda lo vet\u00f3. Eso hab\u00eda sido hace un poco m\u00e1s de cuarenta d\u00edas, en los\u00a0que estableci\u00f3 un di\u00e1logo casi cotidiano con el Ministerio del Interior a trav\u00e9s del vecino de Bella Vista,<strong>\u00a0<\/strong>Lisandro Catal\u00e1n, y el ahora jefe de Gabinete, Guillermo Francos.<\/p>\n\n\n\n<p>Oportunamente, Marcelo Bacilotta, quien oficiaba como un secretario todo terreno de la ministra por su amistad personal, ven\u00eda advirtiendo con el deseo del secretario de apoderarse de todos los rincones del organismo y el nombramiento de varios empleados de su confianza. Finalmente, y a pesar de ser vecino de&nbsp;<strong>Pettovello<\/strong>, que vive en su barrio y se conocen hace dos d\u00e9cadas, Bacilotta termin\u00f3 siendo despedido por lo mismo que se lo acusa ahora a Pablo de la Torre. El nombramiento de personal, que terminaron realiz\u00e1ndolo a trav\u00e9s de un convenio con un organismo internacional que ahora es denunciado, ahora se transform\u00f3 en la causa del despido del secretario, no la comida..<\/p>\n\n\n\n<p>&#8220;Hac\u00eda meses que no nombraban a nadie. Entonces, en medio de un convenio del cual la ministra siempre estuvo al tanto, se incorpor\u00f3 el personal que era\u00a0necesario para cubrir un organismo como Desarrollo Social. Es imposible escuchar que ahora lo echaran por eso&#8221;, un funcionario que todav\u00eda sobrevive pero que, sabe, &#8220;todo esto hace imposible firmar nada&#8221;. El gobierno nacional dispondr\u00e1 que el denunciante, Federico Fern\u00e1ndez, quien habr\u00eda sido contratado por estos medios, ser\u00eda el encargado de llevar adelante la auditor\u00eda interna.\u00a0<\/p>\n\n\n\n<p>Hace cuatro meses, el periodista Luis Rosales, que tambi\u00e9n es militante libertario desde su \u00e9poca de legislador en Mendoza por el Partido Dem\u00f3crata, detall\u00f3 todos los &#8220;desechados&#8221; del proceso por el cual\u00a0<strong>Javier Milei<\/strong>\u00a0lleg\u00f3 al poder. El primero que cay\u00f3 en desgracia fue el socio en el estudio econ\u00f3mico, Diego Giacomini. Luego, el propio Jos\u00e9 Luis Espert fue raleado de su entorno hasta que volvi\u00f3 hace pocos meses. Ramiro Marra sabe por su propia persona de lo que puede pasar por discutir con Karina Milei, al igual que Carolina P\u00edparo, Victoria Villarruel y Carlos Kikuchi. &#8220;Lo de\u00a0<strong>De la Torre<\/strong>\u00a0puede servir de espejo a muchos de los que se desesperan por sumarse a las fuerzas del cielo&#8221;, recomend\u00f3 un entendido que sostiene que todo lo que ocurre ahora &#8220;se podr\u00eda haber evitado si lo dejaban solo con su gente&#8221; al proyecto libertario.\u00a0<\/p>\n","protected":false},"excerpt":{"rendered":"<p>Joaqu\u00edn de la Torre\u00a0no se esperaba que su hermano, Pablo, fuera despedido del Ministerio de Capital Humano a pesar de algunas advertencias que ven\u00eda recibiendo. Ven\u00eda construyendo una relaci\u00f3n personal&hellip; <\/p>\n","protected":false},"author":12,"featured_media":151620,"comment_status":"closed","ping_status":"open","sticky":false,"template":"","format":"standard","meta":{"footnotes":""},"categories":[3],"tags":[],"class_list":["post-151610","post","type-post","status-publish","format-standard","has-post-thumbnail","hentry","category-politica"],"_links":{"self":[{"href":"https:\/\/corrientesdetarde.com\/index.php\/wp-json\/wp\/v2\/posts\/151610","targetHints":{"allow":["GET"]}}],"collection":[{"href":"https:\/\/corrientesdetarde.com\/index.php\/wp-json\/wp\/v2\/posts"}],"about":[{"href":"https:\/\/corrientesdetarde.com\/index.php\/wp-json\/wp\/v2\/types\/post"}],"author":[{"embeddable":true,"href":"https:\/\/corrientesdetarde.com\/index.php\/wp-json\/wp\/v2\/users\/12"}],"replies":[{"embeddable":true,"href":"https:\/\/corrientesdetarde.com\/index.php\/wp-json\/wp\/v2\/comments?post=151610"}],"version-history":[{"count":1,"href":"https:\/\/corrientesdetarde.com\/index.php\/wp-json\/wp\/v2\/posts\/151610\/revisions"}],"predecessor-version":[{"id":151621,"href":"https:\/\/corrientesdetarde.com\/index.php\/wp-json\/wp\/v2\/posts\/151610\/revisions\/151621"}],"wp:featuredmedia":[{"embeddable":true,"href":"https:\/\/corrientesdetarde.com\/index.php\/wp-json\/wp\/v2\/media\/151620"}],"wp:attachment":[{"href":"https:\/\/corrientesdetarde.com\/index.php\/wp-json\/wp\/v2\/media?parent=151610"}],"wp:term":[{"taxonomy":"category","embeddable":true,"href":"https:\/\/corrientesdetarde.com\/index.php\/wp-json\/wp\/v2\/categories?post=151610"},{"taxonomy":"post_tag","embeddable":true,"href":"https:\/\/corrientesdetarde.com\/index.php\/wp-json\/wp\/v2\/tags?post=151610"}],"curies":[{"name":"wp","href":"https:\/\/api.w.org\/{rel}","templated":true}]}}