{"id":151611,"date":"2024-05-31T09:23:27","date_gmt":"2024-05-31T12:23:27","guid":{"rendered":"https:\/\/corrientesdetarde.com\/?p=151611"},"modified":"2024-05-31T09:23:38","modified_gmt":"2024-05-31T12:23:38","slug":"pami-confirmo-como-sera-el-tramite-para-el-reintegro-de-atencion-medica-en-junio-2024","status":"publish","type":"post","link":"https:\/\/corrientesdetarde.com\/index.php\/informacion-general\/pami-confirmo-como-sera-el-tramite-para-el-reintegro-de-atencion-medica-en-junio-2024\/","title":{"rendered":"PAMI confirm\u00f3 c\u00f3mo ser\u00e1 el tr\u00e1mite para el reintegro de atenci\u00f3n m\u00e9dica en junio 2024"},"content":{"rendered":"\n<p>El Programa de Atenci\u00f3n M\u00e9dica Integral (<strong>PAMI<\/strong>) ha anunciado una nueva facilidad para los\u00a0<strong>jubilados<\/strong>\u00a0y pensionados, que ahora pueden acceder a\u00a0<strong>reintegros<\/strong>\u00a0por los gastos de atenci\u00f3n m\u00e9dica. Este servicio no solo promete ofrecer comodidad y tranquilidad diaria, sino tambi\u00e9n la posibilidad de ahorrar significativamente en gastos m\u00e9dicos.<\/p>\n\n\n\n<p>Lo mejor de todo es que los requisitos para acceder a este beneficio son pocos y sencillos, eliminando la necesidad de realizar procedimientos complicados. Adem\u00e1s, pueden ser realizados por los familiares del afiliado.<\/p>\n\n\n\n<h2 class=\"wp-block-heading\">C\u00f3mo son los reintegros de PAMI<\/h2>\n\n\n\n<p>El programa de\u00a0<strong>reintegros<\/strong>\u00a0de\u00a0<strong>PAMI<\/strong>\u00a0permite que los\u00a0<strong>jubilados<\/strong>\u00a0y pensionados, as\u00ed como sus familiares o representantes legales, soliciten la devoluci\u00f3n de los gastos m\u00e9dicos que hayan sido cubiertos por ellos o por terceros. Este servicio se convierte en un importante apoyo financiero, ya que los costos de atenci\u00f3n m\u00e9dica pueden ser elevados y frecuentes.<\/p>\n\n\n\n<figure class=\"wp-block-image\"><img decoding=\"async\" src=\"https:\/\/www.mdzol.com\/u\/fotografias\/m\/2024\/3\/24\/f768x400-1570409_1614312_7541.jpg\" alt=\"\"\/><figcaption class=\"wp-element-caption\">PAMI ofrece un tr\u00e1mite para recibir un reintegro por atenci\u00f3n m\u00e9dica. (Foto: Archivo MDZ).<\/figcaption><\/figure>\n\n\n\n<h2 class=\"wp-block-heading\">\u00bfCu\u00e1les son los requisitos?<\/h2>\n\n\n\n<p>Para acceder al&nbsp;<strong>reintegro<\/strong>, es fundamental presentar la documentaci\u00f3n requerida en un plazo de 180 d\u00edas desde la fecha en que se recibi\u00f3 la prestaci\u00f3n m\u00e9dica. Aqu\u00ed est\u00e1n los documentos necesarios:<\/p>\n\n\n\n<ul class=\"wp-block-list\">\n<li>Documento Nacional de Identidad (DNI) del titular: Es esencial que el DNI del jubilado est\u00e9 actualizado y sea presentado en original.<\/li>\n\n\n\n<li>DNI del familiar o representante: En caso de que el tr\u00e1mite no lo realice directamente el jubilado, es necesario presentar el DNI de la persona que lo representa.<\/li>\n\n\n\n<li>Credencial de afiliaci\u00f3n a\u00a0<strong>PAMI<\/strong>: Esta credencial certifica la afiliaci\u00f3n del titular al programa.<\/li>\n\n\n\n<li>Factura del gasto realizado: La factura debe ser original y debe incluir el nombre, apellido y domicilio de la persona afiliada.<\/li>\n\n\n\n<li>Formulario de &#8220;Solicitud de\u00a0<strong>Reintegro<\/strong>\u00a0de Gastos&#8221; completo: Este formulario se puede obtener y completar a trav\u00e9s de los canales oficiales de\u00a0<strong>PAMI<\/strong>.<\/li>\n<\/ul>\n\n\n\n<h2 class=\"wp-block-heading\">C\u00f3mo saber si me dar\u00e1n el reintegro de PAMI<\/h2>\n\n\n\n<p>Antes de otorgar el\u00a0<strong>reintegro<\/strong>,\u00a0<strong>PAMI<\/strong>\u00a0realiza una evaluaci\u00f3n general para verificar la solicitud del\u00a0<strong>jubilado<\/strong>. Esta evaluaci\u00f3n es necesaria para asegurar que todos los documentos est\u00e9n en orden y que el gasto sea leg\u00edtimo y elegible para el\u00a0<strong>reintegro<\/strong>.<\/p>\n\n\n\n<p>El tr\u00e1mite puede ser efectuado por el jubilado interesado, un familiar a cargo o su representante legal. Es importante que se realice dentro de los 180 d\u00edas siguientes a la prestaci\u00f3n m\u00e9dica para asegurar la elegibilidad del&nbsp;<strong>reintegro<\/strong>.<\/p>\n","protected":false},"excerpt":{"rendered":"<p>El Programa de Atenci\u00f3n M\u00e9dica Integral (PAMI) ha anunciado una nueva facilidad para los\u00a0jubilados\u00a0y pensionados, que ahora pueden acceder a\u00a0reintegros\u00a0por los gastos de atenci\u00f3n m\u00e9dica. Este servicio no solo promete&hellip; <\/p>\n","protected":false},"author":12,"featured_media":151618,"comment_status":"closed","ping_status":"open","sticky":false,"template":"","format":"standard","meta":{"footnotes":""},"categories":[1],"tags":[],"class_list":["post-151611","post","type-post","status-publish","format-standard","has-post-thumbnail","hentry","category-informacion-general"],"_links":{"self":[{"href":"https:\/\/corrientesdetarde.com\/index.php\/wp-json\/wp\/v2\/posts\/151611","targetHints":{"allow":["GET"]}}],"collection":[{"href":"https:\/\/corrientesdetarde.com\/index.php\/wp-json\/wp\/v2\/posts"}],"about":[{"href":"https:\/\/corrientesdetarde.com\/index.php\/wp-json\/wp\/v2\/types\/post"}],"author":[{"embeddable":true,"href":"https:\/\/corrientesdetarde.com\/index.php\/wp-json\/wp\/v2\/users\/12"}],"replies":[{"embeddable":true,"href":"https:\/\/corrientesdetarde.com\/index.php\/wp-json\/wp\/v2\/comments?post=151611"}],"version-history":[{"count":1,"href":"https:\/\/corrientesdetarde.com\/index.php\/wp-json\/wp\/v2\/posts\/151611\/revisions"}],"predecessor-version":[{"id":151619,"href":"https:\/\/corrientesdetarde.com\/index.php\/wp-json\/wp\/v2\/posts\/151611\/revisions\/151619"}],"wp:featuredmedia":[{"embeddable":true,"href":"https:\/\/corrientesdetarde.com\/index.php\/wp-json\/wp\/v2\/media\/151618"}],"wp:attachment":[{"href":"https:\/\/corrientesdetarde.com\/index.php\/wp-json\/wp\/v2\/media?parent=151611"}],"wp:term":[{"taxonomy":"category","embeddable":true,"href":"https:\/\/corrientesdetarde.com\/index.php\/wp-json\/wp\/v2\/categories?post=151611"},{"taxonomy":"post_tag","embeddable":true,"href":"https:\/\/corrientesdetarde.com\/index.php\/wp-json\/wp\/v2\/tags?post=151611"}],"curies":[{"name":"wp","href":"https:\/\/api.w.org\/{rel}","templated":true}]}}