{"id":15177,"date":"2022-10-27T21:16:03","date_gmt":"2022-10-28T00:16:03","guid":{"rendered":"https:\/\/corrientesdetarde.com\/?p=15177"},"modified":"2022-10-27T21:17:06","modified_gmt":"2022-10-28T00:17:06","slug":"pichetto-en-corrientes-con-los-planes-y-los-movimientos-sociales-el-pais-no-va-a-salir-adelante","status":"publish","type":"post","link":"https:\/\/corrientesdetarde.com\/index.php\/politica\/pichetto-en-corrientes-con-los-planes-y-los-movimientos-sociales-el-pais-no-va-a-salir-adelante\/","title":{"rendered":"Pichetto en Corrientes: &#8220;Con los planes y los movimientos sociales el pa\u00eds no va a salir adelante&#8221;"},"content":{"rendered":"\n<p>El auditor general de la Naci\u00f3n, Miguel \u00c1ngel Pichetto, visit\u00f3 la localidad de Paso de los Libres.<\/p>\n\n\n\n<p>El ex candidato a vicepresidente de Juntos por el Cambio brind\u00f3 una conferencia de prensa en el Hotel Casino R\u00edo Uruguay, y luego encabez\u00f3 un acto en el Club Progreso.<\/p>\n\n\n\n<p>En medio de las actividades, el referente de Encuentro Republicano Federal charl\u00f3 con el programa La Tarde, de Radio Dos, donde consider\u00f3 que &#8220;el triunfo de JxC en 2023 es un proceso inevitable. Este es uno de los peores gobiernos de la democracia recuperada&#8221;<\/p>\n\n\n\n<p>Y en ese contexto aclar\u00f3: &#8220;no tenemos que ganar porque en un mal gobierno sino porque tenemos una propuesta inteligente&#8221;<\/p>\n\n\n\n<p>Para Pichetto &#8220;hay que hacer un gran cambio cultural en la Argentina, y con los planes y los movimientos sociales no vamos a salir adelante&#8221;<\/p>\n\n\n\n<p>&#8220;Argentina tiene todas las condiciones para salir. Tenemos futuro, y hay que apostar por el capitalismo nacional&#8221;, insisti\u00f3.<\/p>\n\n\n\n<p>Respecto al d\u00e9ficit de la clase pol\u00edtica nacional expres\u00f3: &#8220;se necesita liderazgo pol\u00edtico y autoridad&#8221;<\/p>\n\n\n\n<p><strong>Debilidad pol\u00edtica<\/strong><\/p>\n\n\n\n<p>&#8220;Si hay problemas econ\u00f3micos es por debilidad pol\u00edtica&#8221;, opin\u00f3 Pichetto.<\/p>\n\n\n\n<p>&#8220;El gobierno de Alberto Fern\u00e1ndez tiene un grave problema de debilidad, y con esa fragilidad es imposible recuperar la econom\u00eda&#8221;, observ\u00f3<\/p>\n\n\n\n<p>&#8220;Desde un principio supe que este armado de la actual Vicepresidenta iba a terminar as\u00ed. Ella ten\u00eda todo el poder, y cuando lo puso a Fern\u00e1ndez construy\u00f3 una ficci\u00f3n que nunca fue sustentable en el tiempo&#8221;, analiz\u00f3<\/p>\n\n\n\n<p>Para Pichetto &#8220;cada d\u00eda se deteriora m\u00e1s la figura del Presidente. Y Argentina necesita un l\u00edder inteligente, democr\u00e1tico y que tenga autoridad&#8221;<\/p>\n\n\n\n<p><strong>Pertenencia al PJ<\/strong><\/p>\n\n\n\n<p>&#8220;No tengo de que arrepentirme de mi carrera pol\u00edtica&#8221;, dijo Pichetto, al recordar su identificaci\u00f3n con el PJ y en &nbsp;tal sentido recalc\u00f3: &#8220;soy respetuoso de mi pertenencia al peronismo, pero hubo un punto donde entend\u00ed que el ciclo del kirchnerismo estaba cumplido y agotado y la visi\u00f3n de La C\u00e1mpora no me conten\u00eda&#8221;<\/p>\n\n\n\n<p>En la eventual posici\u00f3n de Presidente de la Naci\u00f3n, Pichetto dijo que &#8220;tratar\u00eda de consolidar la figura presidencial, tratar\u00eda de modernizar las leyes laborales y salir de la industria del juicio&#8221;<\/p>\n\n\n\n<p>Y aprob\u00f3 el modelo provincial: &#8220;Corrientes hoy alienta esta visi\u00f3n a trav\u00e9s de Gustavo Vald\u00e9s, una visi\u00f3n de bajar impuestos para que las empresas se radiquen y trabajen con reglas de juego claras. Eso puede llevarse a un modelo de pa\u00eds que queremos y creemos posible&#8221;<\/p>\n","protected":false},"excerpt":{"rendered":"<p>El auditor general de la Naci\u00f3n, Miguel \u00c1ngel Pichetto, visit\u00f3 la localidad de Paso de los Libres. El ex candidato a vicepresidente de Juntos por el Cambio brind\u00f3 una conferencia&hellip; <\/p>\n","protected":false},"author":1,"featured_media":15181,"comment_status":"closed","ping_status":"open","sticky":false,"template":"","format":"standard","meta":{"footnotes":""},"categories":[8,3],"tags":[],"class_list":["post-15177","post","type-post","status-publish","format-standard","has-post-thumbnail","hentry","category-locales","category-politica"],"_links":{"self":[{"href":"https:\/\/corrientesdetarde.com\/index.php\/wp-json\/wp\/v2\/posts\/15177","targetHints":{"allow":["GET"]}}],"collection":[{"href":"https:\/\/corrientesdetarde.com\/index.php\/wp-json\/wp\/v2\/posts"}],"about":[{"href":"https:\/\/corrientesdetarde.com\/index.php\/wp-json\/wp\/v2\/types\/post"}],"author":[{"embeddable":true,"href":"https:\/\/corrientesdetarde.com\/index.php\/wp-json\/wp\/v2\/users\/1"}],"replies":[{"embeddable":true,"href":"https:\/\/corrientesdetarde.com\/index.php\/wp-json\/wp\/v2\/comments?post=15177"}],"version-history":[{"count":1,"href":"https:\/\/corrientesdetarde.com\/index.php\/wp-json\/wp\/v2\/posts\/15177\/revisions"}],"predecessor-version":[{"id":15183,"href":"https:\/\/corrientesdetarde.com\/index.php\/wp-json\/wp\/v2\/posts\/15177\/revisions\/15183"}],"wp:featuredmedia":[{"embeddable":true,"href":"https:\/\/corrientesdetarde.com\/index.php\/wp-json\/wp\/v2\/media\/15181"}],"wp:attachment":[{"href":"https:\/\/corrientesdetarde.com\/index.php\/wp-json\/wp\/v2\/media?parent=15177"}],"wp:term":[{"taxonomy":"category","embeddable":true,"href":"https:\/\/corrientesdetarde.com\/index.php\/wp-json\/wp\/v2\/categories?post=15177"},{"taxonomy":"post_tag","embeddable":true,"href":"https:\/\/corrientesdetarde.com\/index.php\/wp-json\/wp\/v2\/tags?post=15177"}],"curies":[{"name":"wp","href":"https:\/\/api.w.org\/{rel}","templated":true}]}}