{"id":15178,"date":"2022-10-27T21:06:52","date_gmt":"2022-10-28T00:06:52","guid":{"rendered":"https:\/\/corrientesdetarde.com\/?p=15178"},"modified":"2022-10-27T21:09:08","modified_gmt":"2022-10-28T00:09:08","slug":"insolito-un-vuelo-de-flybondi-vino-desde-buenos-aires-a-corrientes-y-al-llegar-volvio-a-aeroparque","status":"publish","type":"post","link":"https:\/\/corrientesdetarde.com\/index.php\/informacion-general\/insolito-un-vuelo-de-flybondi-vino-desde-buenos-aires-a-corrientes-y-al-llegar-volvio-a-aeroparque\/","title":{"rendered":"Ins\u00f3lito: Un vuelo de Flybondi vino desde Buenos Aires a Corrientes y al llegar volvi\u00f3 a Aeroparque"},"content":{"rendered":"\n<p>Tras una hora y media de vuelo el avi\u00f3n no pudo aterrizar en el aeropuerto Piragine Niveyro &nbsp;de nuestra ciudad por las inclemencias clim\u00e1ticas.<\/p>\n\n\n\n<p>Los encargados de la nave decidieron entonces algo ins\u00f3lito: el regreso a Buenos Aires.<\/p>\n\n\n\n<p>Ya en CABA, la empresa anunci\u00f3 la reprogramaci\u00f3n del vuelo para el 1 de noviembre, o sea 6 d\u00edas despu\u00e9s de la fecha original del viaje.<\/p>\n\n\n\n<p>Seg\u00fan versiones, la mayor parte de los pasajeros prefiri\u00f3 volver en colectivo de larga distancia, y en ese sentido aseveraron que la aerol\u00ednea no se hizo cargo ni ofreci\u00f3 transporte para resarcir el problema.<\/p>\n\n\n\n<p>Ante estos casos, la Administraci\u00f3n Nacional de la Aviaci\u00f3n Civil resalta que, ante casos de cancelaciones o demoras por cuestiones no imputables a la empresa no ha podido prever, &#8220;la obligaci\u00f3n de prestar servicios incidentales no procede, siendo s\u00f3lo exigible la de reencaminar al pasajero a destino, o bien la inmediata devoluci\u00f3n si correspondiere, del precio del contrato del transporte no utilizado y conforme a las modalidades de pago efectuadas&#8221;.<\/p>\n","protected":false},"excerpt":{"rendered":"<p>Tras una hora y media de vuelo el avi\u00f3n no pudo aterrizar en el aeropuerto Piragine Niveyro &nbsp;de nuestra ciudad por las inclemencias clim\u00e1ticas. Los encargados de la nave decidieron&hellip; <\/p>\n","protected":false},"author":1,"featured_media":15179,"comment_status":"closed","ping_status":"open","sticky":false,"template":"","format":"standard","meta":{"footnotes":""},"categories":[1],"tags":[],"class_list":["post-15178","post","type-post","status-publish","format-standard","has-post-thumbnail","hentry","category-informacion-general"],"_links":{"self":[{"href":"https:\/\/corrientesdetarde.com\/index.php\/wp-json\/wp\/v2\/posts\/15178","targetHints":{"allow":["GET"]}}],"collection":[{"href":"https:\/\/corrientesdetarde.com\/index.php\/wp-json\/wp\/v2\/posts"}],"about":[{"href":"https:\/\/corrientesdetarde.com\/index.php\/wp-json\/wp\/v2\/types\/post"}],"author":[{"embeddable":true,"href":"https:\/\/corrientesdetarde.com\/index.php\/wp-json\/wp\/v2\/users\/1"}],"replies":[{"embeddable":true,"href":"https:\/\/corrientesdetarde.com\/index.php\/wp-json\/wp\/v2\/comments?post=15178"}],"version-history":[{"count":2,"href":"https:\/\/corrientesdetarde.com\/index.php\/wp-json\/wp\/v2\/posts\/15178\/revisions"}],"predecessor-version":[{"id":15182,"href":"https:\/\/corrientesdetarde.com\/index.php\/wp-json\/wp\/v2\/posts\/15178\/revisions\/15182"}],"wp:featuredmedia":[{"embeddable":true,"href":"https:\/\/corrientesdetarde.com\/index.php\/wp-json\/wp\/v2\/media\/15179"}],"wp:attachment":[{"href":"https:\/\/corrientesdetarde.com\/index.php\/wp-json\/wp\/v2\/media?parent=15178"}],"wp:term":[{"taxonomy":"category","embeddable":true,"href":"https:\/\/corrientesdetarde.com\/index.php\/wp-json\/wp\/v2\/categories?post=15178"},{"taxonomy":"post_tag","embeddable":true,"href":"https:\/\/corrientesdetarde.com\/index.php\/wp-json\/wp\/v2\/tags?post=15178"}],"curies":[{"name":"wp","href":"https:\/\/api.w.org\/{rel}","templated":true}]}}