{"id":151923,"date":"2024-06-02T09:35:06","date_gmt":"2024-06-02T12:35:06","guid":{"rendered":"https:\/\/corrientesdetarde.com\/?p=151923"},"modified":"2024-06-02T09:35:19","modified_gmt":"2024-06-02T12:35:19","slug":"la-insolita-pregunta-de-javier-milei-a-nayib-bukele-como-es-esto-de-ser-reelecto","status":"publish","type":"post","link":"https:\/\/corrientesdetarde.com\/index.php\/politica\/la-insolita-pregunta-de-javier-milei-a-nayib-bukele-como-es-esto-de-ser-reelecto\/","title":{"rendered":"La ins\u00f3lita pregunta de Javier Milei a Nayib Bukele: &#8220;\u00bfC\u00f3mo es esto de ser reelecto?&#8221;"},"content":{"rendered":"\n<p>El mandatario argentino fue recibido en privado por su par de El Salvador y profiri\u00f3 un pregunta que caus\u00f3 las carcajadas del anfitri\u00f3n.<\/p>\n\n\n\n<p>Tras formalizar su asunci\u00f3n por un segundo mandato como presidente de El Salvador para el periodo 2024-2029,&nbsp;<strong>Nayib Bukele recibi\u00f3 en su despacho a Javier Milei, quien mostr\u00f3 su entusiasmo por conocer al salvadore\u00f1o<\/strong>.<\/p>\n\n\n\n<p>\u201cAh, presidente\u2026 Qu\u00e9 placer conocerte en persona, la verdad\u201d, fue la primera frase del mandatario argentino que, sin embargo, sorprendi\u00f3 con&nbsp;<strong>una ins\u00f3lita pregunta que gener\u00f3 carcajadas en el anfitri\u00f3n<\/strong>.<\/p>\n\n\n\n<p><strong>\u201c\u00bfC\u00f3mo es esto de reelecto\u2026?\u201d, le pregunt\u00f3 Milei<\/strong>&nbsp;y, tras las risas, pas\u00f3 a hablarle a Bukele de las bondades del programa de ajuste que est\u00e1 ejecutando en la Argentina. Pero confes\u00f3:&nbsp;<strong>\u201cNotamos que desde afuera lo perciben mejor\u2026\u201d<\/strong>.<\/p>\n\n\n\n<figure class=\"wp-block-embed is-type-video is-provider-youtube wp-block-embed-youtube wp-embed-aspect-16-9 wp-has-aspect-ratio\"><div class=\"wp-block-embed__wrapper\">\n<iframe loading=\"lazy\" title=\"\u00a1EXCLUSIVO! REUNI\u00d3N DE MILEI CON BUKELE (CHARLA IMPERDIBLE)\" width=\"1110\" height=\"624\" src=\"https:\/\/www.youtube.com\/embed\/w8Wxg7CHf8M?feature=oembed\" frameborder=\"0\" allow=\"accelerometer; autoplay; clipboard-write; encrypted-media; gyroscope; picture-in-picture; web-share\" referrerpolicy=\"strict-origin-when-cross-origin\" allowfullscreen><\/iframe>\n<\/div><\/figure>\n","protected":false},"excerpt":{"rendered":"<p>El mandatario argentino fue recibido en privado por su par de El Salvador y profiri\u00f3 un pregunta que caus\u00f3 las carcajadas del anfitri\u00f3n. Tras formalizar su asunci\u00f3n por un segundo&hellip; <\/p>\n","protected":false},"author":4,"featured_media":151948,"comment_status":"closed","ping_status":"open","sticky":false,"template":"","format":"standard","meta":{"footnotes":""},"categories":[23,11,3],"tags":[],"class_list":["post-151923","post","type-post","status-publish","format-standard","has-post-thumbnail","hentry","category-actualidad","category-internacionales","category-politica"],"_links":{"self":[{"href":"https:\/\/corrientesdetarde.com\/index.php\/wp-json\/wp\/v2\/posts\/151923","targetHints":{"allow":["GET"]}}],"collection":[{"href":"https:\/\/corrientesdetarde.com\/index.php\/wp-json\/wp\/v2\/posts"}],"about":[{"href":"https:\/\/corrientesdetarde.com\/index.php\/wp-json\/wp\/v2\/types\/post"}],"author":[{"embeddable":true,"href":"https:\/\/corrientesdetarde.com\/index.php\/wp-json\/wp\/v2\/users\/4"}],"replies":[{"embeddable":true,"href":"https:\/\/corrientesdetarde.com\/index.php\/wp-json\/wp\/v2\/comments?post=151923"}],"version-history":[{"count":1,"href":"https:\/\/corrientesdetarde.com\/index.php\/wp-json\/wp\/v2\/posts\/151923\/revisions"}],"predecessor-version":[{"id":151950,"href":"https:\/\/corrientesdetarde.com\/index.php\/wp-json\/wp\/v2\/posts\/151923\/revisions\/151950"}],"wp:featuredmedia":[{"embeddable":true,"href":"https:\/\/corrientesdetarde.com\/index.php\/wp-json\/wp\/v2\/media\/151948"}],"wp:attachment":[{"href":"https:\/\/corrientesdetarde.com\/index.php\/wp-json\/wp\/v2\/media?parent=151923"}],"wp:term":[{"taxonomy":"category","embeddable":true,"href":"https:\/\/corrientesdetarde.com\/index.php\/wp-json\/wp\/v2\/categories?post=151923"},{"taxonomy":"post_tag","embeddable":true,"href":"https:\/\/corrientesdetarde.com\/index.php\/wp-json\/wp\/v2\/tags?post=151923"}],"curies":[{"name":"wp","href":"https:\/\/api.w.org\/{rel}","templated":true}]}}