{"id":151951,"date":"2024-06-02T09:52:47","date_gmt":"2024-06-02T12:52:47","guid":{"rendered":"https:\/\/corrientesdetarde.com\/?p=151951"},"modified":"2024-06-02T09:52:50","modified_gmt":"2024-06-02T12:52:50","slug":"el-tratado-mundial-sobre-pandemias-se-concluira-en-2025-segun-la-oms","status":"publish","type":"post","link":"https:\/\/corrientesdetarde.com\/index.php\/internacionales\/el-tratado-mundial-sobre-pandemias-se-concluira-en-2025-segun-la-oms\/","title":{"rendered":"El tratado mundial sobre pandemias se concluir\u00e1 en 2025, seg\u00fan la OMS"},"content":{"rendered":"\n<p>Las divisiones entre pa\u00edses ricos y pobres, m\u00e1s el reparto de vacunas, demoraron el acuerdo.<\/p>\n\n\n\n<p>Las conversaciones para alcanzar un acuerdo mundial sobre c\u00f3mo luchar mejor contra las&nbsp;<strong>pandemias&nbsp;<\/strong>concluir\u00e1n en 2025 o antes si es posible, dijo el s\u00e1bado la&nbsp;<strong>Organizaci\u00f3n Mundial de la Salud (OMS).<\/strong><\/p>\n\n\n\n<p>Los 194 Estados miembros del organismo llevan dos a\u00f1os negociando un acuerdo que, entre otras cosas,&nbsp;<strong>mejore la coordinaci\u00f3n y colaboraci\u00f3n<\/strong>&nbsp;internacionales antes y durante las&nbsp;<br>pandemias.<\/p>\n\n\n\n<p>En un principio, la OMS pretend\u00eda llegar a un acuerdo esta semana.<strong>&nbsp;Las conversaciones se prolongaron tras no poder resolverse las profundas divisiones entre pa\u00edses ricos y pobres en cuestiones como el reparto de vacunas y la preparaci\u00f3n.<\/strong><\/p>\n\n\n\n<p>Sin embargo,<strong>&nbsp;se alcanz\u00f3 un acuerdo paralelo para actualizar las normas sanitarias<\/strong>&nbsp;jur\u00eddicamente vinculantes, conocidas como Reglamento Sanitario Internacional (RSI), que incluye un nuevo sistema de alerta por niveles para las emergencias sanitarias mundiales.<\/p>\n\n\n\n<p>&#8220;Las decisiones hist\u00f3ricas tomadas hoy demuestran el deseo com\u00fan de los Estados miembros de proteger a sus propios pueblos, y al mundo, del riesgo compartido de emergencias de salud p\u00fablica y futuras pandemias&#8221;, dijo en un comunicado Tedros Adhanom&nbsp;<br>Ghebreyesus, director general de la OMS.<\/p>\n","protected":false},"excerpt":{"rendered":"<p>Las divisiones entre pa\u00edses ricos y pobres, m\u00e1s el reparto de vacunas, demoraron el acuerdo. Las conversaciones para alcanzar un acuerdo mundial sobre c\u00f3mo luchar mejor contra las&nbsp;pandemias&nbsp;concluir\u00e1n en 2025&hellip; <\/p>\n","protected":false},"author":4,"featured_media":151952,"comment_status":"closed","ping_status":"open","sticky":false,"template":"","format":"standard","meta":{"footnotes":""},"categories":[11],"tags":[],"class_list":["post-151951","post","type-post","status-publish","format-standard","has-post-thumbnail","hentry","category-internacionales"],"_links":{"self":[{"href":"https:\/\/corrientesdetarde.com\/index.php\/wp-json\/wp\/v2\/posts\/151951","targetHints":{"allow":["GET"]}}],"collection":[{"href":"https:\/\/corrientesdetarde.com\/index.php\/wp-json\/wp\/v2\/posts"}],"about":[{"href":"https:\/\/corrientesdetarde.com\/index.php\/wp-json\/wp\/v2\/types\/post"}],"author":[{"embeddable":true,"href":"https:\/\/corrientesdetarde.com\/index.php\/wp-json\/wp\/v2\/users\/4"}],"replies":[{"embeddable":true,"href":"https:\/\/corrientesdetarde.com\/index.php\/wp-json\/wp\/v2\/comments?post=151951"}],"version-history":[{"count":1,"href":"https:\/\/corrientesdetarde.com\/index.php\/wp-json\/wp\/v2\/posts\/151951\/revisions"}],"predecessor-version":[{"id":151953,"href":"https:\/\/corrientesdetarde.com\/index.php\/wp-json\/wp\/v2\/posts\/151951\/revisions\/151953"}],"wp:featuredmedia":[{"embeddable":true,"href":"https:\/\/corrientesdetarde.com\/index.php\/wp-json\/wp\/v2\/media\/151952"}],"wp:attachment":[{"href":"https:\/\/corrientesdetarde.com\/index.php\/wp-json\/wp\/v2\/media?parent=151951"}],"wp:term":[{"taxonomy":"category","embeddable":true,"href":"https:\/\/corrientesdetarde.com\/index.php\/wp-json\/wp\/v2\/categories?post=151951"},{"taxonomy":"post_tag","embeddable":true,"href":"https:\/\/corrientesdetarde.com\/index.php\/wp-json\/wp\/v2\/tags?post=151951"}],"curies":[{"name":"wp","href":"https:\/\/api.w.org\/{rel}","templated":true}]}}