{"id":151960,"date":"2024-06-02T10:29:18","date_gmt":"2024-06-02T13:29:18","guid":{"rendered":"https:\/\/corrientesdetarde.com\/?p=151960"},"modified":"2024-06-02T10:29:21","modified_gmt":"2024-06-02T13:29:21","slug":"luego-de-varios-dias-de-internacion-dieron-de-alta-a-antonio-gasalla","status":"publish","type":"post","link":"https:\/\/corrientesdetarde.com\/index.php\/espectaculos\/luego-de-varios-dias-de-internacion-dieron-de-alta-a-antonio-gasalla\/","title":{"rendered":"Luego de varios d\u00edas de internaci\u00f3n dieron de alta a Antonio Gasalla"},"content":{"rendered":"\n<p>El humorista, de 83 a\u00f1os, tuvo una neumon\u00eda y otras complicaciones de salud.<\/p>\n\n\n\n<p>El actor&nbsp;<strong>Antonio Gasalla<\/strong>, quien padece demencia senil progresiva,&nbsp;<strong>fue dado de alta<\/strong>&nbsp;este s\u00e1bado, luego de haber estado internado en un sanatorio porte\u00f1o por un un cuadro de&nbsp;<strong>neumon\u00eda,&nbsp;<\/strong>sumado a otras complicaciones de salud.<\/p>\n\n\n\n<p>Si bien no hubo un parte oficial,&nbsp;<strong>Carlos&nbsp;<\/strong>-hermano del afamado- humorista- confirm\u00f3 la novedad acerca de la salud de&nbsp;<strong>Antonio,<\/strong>&nbsp;de 83 a\u00f1os.<\/p>\n\n\n\n<p>En comunicaci\u00f3n con el programa &#8216;El run run del espect\u00e1culo&#8217;, que se emite por el canal Cr\u00f3nica TV,<strong>&nbsp;Carlos Gasalla dijo que ya le hab\u00edan dado el alta y que se dispon\u00eda a regresar a la&nbsp;<\/strong><br><strong>residencia de ancianos donde vive actualmente<\/strong>, ubicado en el barrio porte\u00f1o de Monserrat.<\/p>\n\n\n\n<p><strong>&#8220;Antonio fue dado de alta en el d\u00eda de hoy, y va a continuar su tratamiento en el geri\u00e1trico donde est\u00e1 alojado.<\/strong>&nbsp;Quien confirma la informaci\u00f3n a este programa hace un rato es<strong>&nbsp;Carlos Gasalla<\/strong>, el hombre que lo acompa\u00f1a&#8221;, dijo&nbsp;<strong>L\u00edo Pecoraro,&nbsp;<\/strong>conductor del ciclo.&nbsp;<\/p>\n\n\n\n<p>El c\u00f3mico estuvo<strong>&nbsp;casi dos semanas internado&nbsp;<\/strong>en el Sanatorio Otamendi, de la Ciudad de Buenos Aires,&nbsp;<strong>debido a una neumon\u00eda, aunque tambi\u00e9n estaba afectado por una gastritis, lo cual complic\u00f3 su precario estado de salud.<\/strong><\/p>\n\n\n\n<p>Por su parte, el periodista&nbsp;<strong>Marcelo Polino,&nbsp;<\/strong>amigo del actor, ratific\u00f3 que&nbsp;<strong>&#8220;El tema cognitivo avanza,<\/strong>&nbsp;no hay una medicina para ello, tiene un tema con el bot\u00f3n g\u00e1strico que lo tiene a maltraer. Debe alimentarse a trav\u00e9s de una sonda. Eso, sumado a la&nbsp;<strong>neumon\u00eda<\/strong>, lo hizo pasar un trance muy dif\u00edcil&#8221;.<\/p>\n","protected":false},"excerpt":{"rendered":"<p>El humorista, de 83 a\u00f1os, tuvo una neumon\u00eda y otras complicaciones de salud. El actor&nbsp;Antonio Gasalla, quien padece demencia senil progresiva,&nbsp;fue dado de alta&nbsp;este s\u00e1bado, luego de haber estado internado&hellip; <\/p>\n","protected":false},"author":4,"featured_media":151961,"comment_status":"closed","ping_status":"open","sticky":false,"template":"","format":"standard","meta":{"footnotes":""},"categories":[19],"tags":[],"class_list":["post-151960","post","type-post","status-publish","format-standard","has-post-thumbnail","hentry","category-espectaculos"],"_links":{"self":[{"href":"https:\/\/corrientesdetarde.com\/index.php\/wp-json\/wp\/v2\/posts\/151960","targetHints":{"allow":["GET"]}}],"collection":[{"href":"https:\/\/corrientesdetarde.com\/index.php\/wp-json\/wp\/v2\/posts"}],"about":[{"href":"https:\/\/corrientesdetarde.com\/index.php\/wp-json\/wp\/v2\/types\/post"}],"author":[{"embeddable":true,"href":"https:\/\/corrientesdetarde.com\/index.php\/wp-json\/wp\/v2\/users\/4"}],"replies":[{"embeddable":true,"href":"https:\/\/corrientesdetarde.com\/index.php\/wp-json\/wp\/v2\/comments?post=151960"}],"version-history":[{"count":1,"href":"https:\/\/corrientesdetarde.com\/index.php\/wp-json\/wp\/v2\/posts\/151960\/revisions"}],"predecessor-version":[{"id":151962,"href":"https:\/\/corrientesdetarde.com\/index.php\/wp-json\/wp\/v2\/posts\/151960\/revisions\/151962"}],"wp:featuredmedia":[{"embeddable":true,"href":"https:\/\/corrientesdetarde.com\/index.php\/wp-json\/wp\/v2\/media\/151961"}],"wp:attachment":[{"href":"https:\/\/corrientesdetarde.com\/index.php\/wp-json\/wp\/v2\/media?parent=151960"}],"wp:term":[{"taxonomy":"category","embeddable":true,"href":"https:\/\/corrientesdetarde.com\/index.php\/wp-json\/wp\/v2\/categories?post=151960"},{"taxonomy":"post_tag","embeddable":true,"href":"https:\/\/corrientesdetarde.com\/index.php\/wp-json\/wp\/v2\/tags?post=151960"}],"curies":[{"name":"wp","href":"https:\/\/api.w.org\/{rel}","templated":true}]}}