{"id":151963,"date":"2024-06-02T10:30:58","date_gmt":"2024-06-02T13:30:58","guid":{"rendered":"https:\/\/corrientesdetarde.com\/?p=151963"},"modified":"2024-06-02T10:31:10","modified_gmt":"2024-06-02T13:31:10","slug":"netflix-de-que-trata-los-colores-del-mal-rojo-la-pelicula-del-momento","status":"publish","type":"post","link":"https:\/\/corrientesdetarde.com\/index.php\/espectaculos\/netflix-de-que-trata-los-colores-del-mal-rojo-la-pelicula-del-momento\/","title":{"rendered":"Netflix: de qu\u00e9 trata &#8220;Los colores del mal: Rojo&#8221;, la pel\u00edcula del momento"},"content":{"rendered":"\n<p>El film espa\u00f1ol es parte de una saga y se encuentra liderando el top 10 de lo m\u00e1s visto en Argentina.<\/p>\n\n\n\n<p><strong>Netflix<\/strong>&nbsp;tiene varias novedades en su cartelera, y desde los \u00faltimos d\u00edas es furor la pel\u00edcula de terror espa\u00f1ola&nbsp;<strong>\u201cLos colores del mal: Rojo\u201d<\/strong>, que est\u00e1 liderando el top 10.<\/p>\n\n\n\n<p>Dirigida por Juan Carlos S\u00e1nchez-Vega, se trata de la&nbsp;<strong>segunda entrega<\/strong>&nbsp;de la trilog\u00eda &#8220;Los colores del mal&#8221;, que comenz\u00f3 con la pel\u00edcula&nbsp;<strong>&#8220;Los colores del mal: Azul&#8221; en 2021<\/strong>.<\/p>\n\n\n\n<p>Se trata de una producci\u00f3n&nbsp;<strong>llena de suspenso, terror y misterio<\/strong>. Se caracteriza por su&nbsp;<strong>atm\u00f3sfera oscura y claustrof\u00f3bica<\/strong>, y por sus&nbsp;<strong>efectos especiales impactantes<\/strong>.<\/p>\n\n\n\n<h3 class=\"wp-block-heading\">De qu\u00e9 trata \u201cLos colores del mal: Rojo\u201d, la pel\u00edcula furor de Netflix<\/h3>\n\n\n\n<p><strong>La trama sigue a Elena, una joven que se encuentra en una cl\u00ednica psiqui\u00e1trica despu\u00e9s de haber sufrido una crisis nerviosa.<\/strong>&nbsp;All\u00ed conoce a otros pacientes que tambi\u00e9n han experimentado sucesos paranormales relacionados con los colores.<\/p>\n\n\n\n<p><strong>Elena descubre que un antiguo mal est\u00e1 a punto de liberarse y que ella es la \u00fanica que puede detenerlo.<\/strong>&nbsp;Con la ayuda de sus nuevos amigos, deber\u00e1 enfrentarse a sus propios demonios y descifrar el misterio que se esconde detr\u00e1s de los colores del mal.<\/p>\n\n\n\n<h3 class=\"wp-block-heading\">Tr\u00e1iler y algunos detalles adicionales de&nbsp;\u201cLos colores del mal: Rojo\u201d<\/h3>\n\n\n\n<ul class=\"wp-block-list\">\n<li>G\u00e9nero: Terror, suspenso, misterio<\/li>\n\n\n\n<li>Duraci\u00f3n: 105 minutos<\/li>\n\n\n\n<li>Pa\u00eds de origen: Espa\u00f1a<\/li>\n\n\n\n<li>Reparto: Natalia de Molina, Jaime Lorente, Manuela Velasco, Alexis Garc\u00eda, Santiago Segura, Luis Zahera, Pilar Castro, Paula Usero, Carlos Ar\u00e9valo<\/li>\n\n\n\n<li>Fecha de estreno: 26 de mayo de 2024<\/li>\n<\/ul>\n\n\n\n<figure class=\"wp-block-embed is-type-video is-provider-youtube wp-block-embed-youtube wp-embed-aspect-16-9 wp-has-aspect-ratio\"><div class=\"wp-block-embed__wrapper\">\n<iframe loading=\"lazy\" title=\"Los colores del mal: Rojo (Avance) | Tr\u00e1iler en Espa\u00f1ol | Netflix\" width=\"1110\" height=\"624\" src=\"https:\/\/www.youtube.com\/embed\/5yzHyd5Gbuw?feature=oembed\" frameborder=\"0\" allow=\"accelerometer; autoplay; clipboard-write; encrypted-media; gyroscope; picture-in-picture; web-share\" referrerpolicy=\"strict-origin-when-cross-origin\" allowfullscreen><\/iframe>\n<\/div><\/figure>\n","protected":false},"excerpt":{"rendered":"<p>El film espa\u00f1ol es parte de una saga y se encuentra liderando el top 10 de lo m\u00e1s visto en Argentina. Netflix&nbsp;tiene varias novedades en su cartelera, y desde los&hellip; <\/p>\n","protected":false},"author":4,"featured_media":151964,"comment_status":"closed","ping_status":"open","sticky":false,"template":"","format":"standard","meta":{"footnotes":""},"categories":[19],"tags":[],"class_list":["post-151963","post","type-post","status-publish","format-standard","has-post-thumbnail","hentry","category-espectaculos"],"_links":{"self":[{"href":"https:\/\/corrientesdetarde.com\/index.php\/wp-json\/wp\/v2\/posts\/151963","targetHints":{"allow":["GET"]}}],"collection":[{"href":"https:\/\/corrientesdetarde.com\/index.php\/wp-json\/wp\/v2\/posts"}],"about":[{"href":"https:\/\/corrientesdetarde.com\/index.php\/wp-json\/wp\/v2\/types\/post"}],"author":[{"embeddable":true,"href":"https:\/\/corrientesdetarde.com\/index.php\/wp-json\/wp\/v2\/users\/4"}],"replies":[{"embeddable":true,"href":"https:\/\/corrientesdetarde.com\/index.php\/wp-json\/wp\/v2\/comments?post=151963"}],"version-history":[{"count":1,"href":"https:\/\/corrientesdetarde.com\/index.php\/wp-json\/wp\/v2\/posts\/151963\/revisions"}],"predecessor-version":[{"id":151965,"href":"https:\/\/corrientesdetarde.com\/index.php\/wp-json\/wp\/v2\/posts\/151963\/revisions\/151965"}],"wp:featuredmedia":[{"embeddable":true,"href":"https:\/\/corrientesdetarde.com\/index.php\/wp-json\/wp\/v2\/media\/151964"}],"wp:attachment":[{"href":"https:\/\/corrientesdetarde.com\/index.php\/wp-json\/wp\/v2\/media?parent=151963"}],"wp:term":[{"taxonomy":"category","embeddable":true,"href":"https:\/\/corrientesdetarde.com\/index.php\/wp-json\/wp\/v2\/categories?post=151963"},{"taxonomy":"post_tag","embeddable":true,"href":"https:\/\/corrientesdetarde.com\/index.php\/wp-json\/wp\/v2\/tags?post=151963"}],"curies":[{"name":"wp","href":"https:\/\/api.w.org\/{rel}","templated":true}]}}