{"id":151969,"date":"2024-06-02T10:46:20","date_gmt":"2024-06-02T13:46:20","guid":{"rendered":"https:\/\/corrientesdetarde.com\/?p=151969"},"modified":"2024-06-02T10:46:33","modified_gmt":"2024-06-02T13:46:33","slug":"cassani-voy-a-insistir-con-el-proyecto-de-una-universidad-para-corrientes","status":"publish","type":"post","link":"https:\/\/corrientesdetarde.com\/index.php\/actualidad\/cassani-voy-a-insistir-con-el-proyecto-de-una-universidad-para-corrientes\/","title":{"rendered":"Cassani: \u201cVoy a insistir con el proyecto de una Universidad para Corrientes\u201d"},"content":{"rendered":"\n<p><strong>El presidente de la c\u00e1mara de Diputados Pedro Cassani adelant\u00f3 desde la Escuela m\u00e1s conocida como \u201cdel Sur\u201d en la ciudad de Goya, &nbsp;que esta semana volver\u00e1 a presentar el proyecto de ley para que la provincia de Corrientes tenga una universidad propia.<\/strong><\/p>\n\n\n\n<p><strong><u>&#8212;<\/u><\/strong><\/p>\n\n\n\n<p>La Escuela 66 \u201cGral San Mart\u00edn\u201d, m\u00e1s conocida como \u201cDel Sur\u201d de la ciudad de Goya cumpli\u00f3 125 a\u00f1os, por lo que se desarroll\u00f3 un emotivo acto en sus instalaciones del que participaron funcionarios provinciales y municipales encabezados por el intendente Mariano Hormaechea, junto a \u00a0la comunidad educativa.<\/p>\n\n\n\n<figure class=\"wp-block-image size-large\"><img loading=\"lazy\" decoding=\"async\" width=\"1024\" height=\"768\" src=\"https:\/\/corrientesdetarde.com\/wp-content\/uploads\/2024\/06\/DISCURSO--1024x768.jpeg\" alt=\"\" class=\"wp-image-151971\" srcset=\"https:\/\/corrientesdetarde.com\/wp-content\/uploads\/2024\/06\/DISCURSO--1024x768.jpeg 1024w, https:\/\/corrientesdetarde.com\/wp-content\/uploads\/2024\/06\/DISCURSO--300x225.jpeg 300w, https:\/\/corrientesdetarde.com\/wp-content\/uploads\/2024\/06\/DISCURSO--768x576.jpeg 768w, https:\/\/corrientesdetarde.com\/wp-content\/uploads\/2024\/06\/DISCURSO--1536x1152.jpeg 1536w, https:\/\/corrientesdetarde.com\/wp-content\/uploads\/2024\/06\/DISCURSO-.jpeg 1600w\" sizes=\"auto, (max-width: 1024px) 100vw, 1024px\" \/><\/figure>\n\n\n\n<p>All\u00ed, el presidente de la C\u00e1mara de Diputados Pedro Cassani, al hacer uso de la palabra, anunci\u00f3 que esta semana volver\u00e1 a presentar el proyecto de ley para que la provincia tenga una universidad estatal, desde donde los docentes puedan tener acceso directo y gratuito a t\u00edtulos universitarios.<\/p>\n\n\n\n<figure class=\"wp-block-image size-large\"><img loading=\"lazy\" decoding=\"async\" width=\"1024\" height=\"896\" src=\"https:\/\/corrientesdetarde.com\/wp-content\/uploads\/2024\/06\/00-GOYA--1024x896.jpeg\" alt=\"\" class=\"wp-image-151972\" srcset=\"https:\/\/corrientesdetarde.com\/wp-content\/uploads\/2024\/06\/00-GOYA--1024x896.jpeg 1024w, https:\/\/corrientesdetarde.com\/wp-content\/uploads\/2024\/06\/00-GOYA--300x263.jpeg 300w, https:\/\/corrientesdetarde.com\/wp-content\/uploads\/2024\/06\/00-GOYA--768x672.jpeg 768w, https:\/\/corrientesdetarde.com\/wp-content\/uploads\/2024\/06\/00-GOYA--1536x1344.jpeg 1536w, https:\/\/corrientesdetarde.com\/wp-content\/uploads\/2024\/06\/00-GOYA-.jpeg 1600w\" sizes=\"auto, (max-width: 1024px) 100vw, 1024px\" \/><\/figure>\n\n\n\n<p>La noticia fue el corolario de un acto sensible para todos los goyanos y en particular para la familia Cassani, ya que ah\u00ed se desempe\u00f1\u00f3 la reconocida docente Clara Levy -desde que se recibi\u00f3 de maestra hasta que se jubil\u00f3-, desempe\u00f1ando los cargos de docente, vicedirectora y directora, pero siendo m\u00e1s recordada por el v\u00ednculo entra\u00f1able que forj\u00f3 con sus alumnos. \u201cS\u00e9 que mi madre sigue por aqu\u00ed, por el amor que le dispens\u00f3 a este lugar por 40 a\u00f1os\u201d, dijo el presidente de Diputados.<\/p>\n\n\n\n<p>\u201cY es aqu\u00ed donde nos encontramos. Ustedes, desde su escuela y yo desde mi rol de legislador\u201d, les dijo el diputado a los asistentes, para \u00a0acotar: \u201cen la b\u00fasqueda de estrategias y metodolog\u00edas para que a cada estudiante le vaya bien en la vida. Porque en definitiva, ese el objetivo de cada docente. Fue el rol de las escuelas de ayer. Y sigue siendo, en la actualidad; quiz\u00e1 con conceptos m\u00e1s modernos, aggiornados al mundo actual o la tecnolog\u00eda\u201d, opin\u00f3.<\/p>\n\n\n\n<figure class=\"wp-block-image size-large\"><img loading=\"lazy\" decoding=\"async\" width=\"1024\" height=\"700\" src=\"https:\/\/corrientesdetarde.com\/wp-content\/uploads\/2024\/06\/00-Goya-1024x700.jpeg\" alt=\"\" class=\"wp-image-151973\" srcset=\"https:\/\/corrientesdetarde.com\/wp-content\/uploads\/2024\/06\/00-Goya-1024x700.jpeg 1024w, https:\/\/corrientesdetarde.com\/wp-content\/uploads\/2024\/06\/00-Goya-300x205.jpeg 300w, https:\/\/corrientesdetarde.com\/wp-content\/uploads\/2024\/06\/00-Goya-768x525.jpeg 768w, https:\/\/corrientesdetarde.com\/wp-content\/uploads\/2024\/06\/00-Goya.jpeg 1045w\" sizes=\"auto, (max-width: 1024px) 100vw, 1024px\" \/><\/figure>\n\n\n\n<p>\u201cMi mam\u00e1 dec\u00eda que su mayor satisfacci\u00f3n era ver los logros de quienes fueron sus alumnos;&nbsp; porque evidentemente, hab\u00eda contribuido en parte, a&nbsp;&nbsp;<strong>transformar su realidad.<\/strong>&nbsp;&nbsp;S\u00e9 que ese es el pensamiento de todos los docentes; a\u00fan con los desaf\u00edos y complicaciones que se les presenta\u201d, coment\u00f3.<\/p>\n\n\n\n<p>\u201cLa educaci\u00f3n es eso: formar ciudadanos de bien, preparados para el momento actual y los que vienen. &nbsp;Esa la educaci\u00f3n, la que debe brindar las &nbsp;herramientas para afrontar los nuevos desaf\u00edos, que incluye la incertidumbre sobre el ma\u00f1ana. Estoy convencido que esos elementos son alcanzables con formaci\u00f3n pedag\u00f3gica, con m\u00e1s y mejor capacitaci\u00f3n, con recursos para acceder al mejor uso de la tecnolog\u00eda; con mejores dise\u00f1os curriculares\u2026 en definitiva:&nbsp;<strong>con mejor pol\u00edtica educativa\u201d.<\/strong><\/p>\n\n\n\n<p><strong>\u201c<\/strong>Por eso, y en el inter\u00e9s de aportar, intentar dejar de una huella, esta semana, en la C\u00e1mara de Diputados vamos a insistir con el proyecto de ley para tener una universidad de la provincia de Corrientes, desde donde se&nbsp;<strong>formen&nbsp;<\/strong>docentes para la educaci\u00f3n de calidad que todos deseamos, para hoy y para el ma\u00f1ana\u201d, afirm\u00f3 recordando que el expediente ya presentado tiempo atr\u00e1s, perdi\u00f3 el estado parlamentario.<\/p>\n\n\n\n<p>\u201cNecesitamos maestros motivados y capaces de motivar; que fomenten la creatividad, el pensamiento cr\u00edtico, el trabajo en equipo, la empat\u00eda y la resiliencia; personas capaces de adaptarse r\u00e1pidamente a un contexto que cambia a gran velocidad\u2026 Se que ya los tenemos, pero necesitamos m\u00e1s\u2026\u201d, concluy\u00f3.<\/p>\n\n\n\n<p>Por \u00faltimo, Casani entreg\u00f3 a los directivos una imagen de Santo Tom\u00e1s de Aquino, patrono de la educaci\u00f3n, de las escuelas y de las universidades, adem\u00e1s de ser un conciliador entre la ciencia y la fe.<\/p>\n\n\n\n<p>\u201cA \u00e9l &nbsp;encomendamos el pedido de inteligencia y voluntad para&nbsp; enfrentarnos a los problemas y no solo a los s\u00edntomas que arrastra\u201d, reflexion\u00f3.<\/p>\n\n\n\n<p><strong>Celebraci\u00f3n<\/strong><\/p>\n\n\n\n<p>La Escuela 66, m\u00e1s conocida como \u201cEscuelita del Sur\u201d celebr\u00f3 sus 125 con diversas actividades, que incluyeron una caminata en el barrio, visita de excombatiente y presentaci\u00f3n de un libro, y el embellecimiento del establecimiento con los vecinos.<\/p>\n\n\n\n<p>El acto central fue este s\u00e1bado 1 de junio, donde se descubrieron dos placas conmemorativas donadas por la Municipalidad y los docentes. Tambi\u00e9n desde la c\u00e1mara de Diputados de la provincia se don\u00f3 &nbsp;la imagen de Santo Tom\u00e1s de Aquino, patrono de las escuelas.<\/p>\n\n\n\n<p>La Directora M\u00f3nica V\u00e1squez agradeci\u00f3 a la comunidad en general por la participaci\u00f3n activa en las ceremonias.<\/p>\n\n\n\n<p><strong>La Historia<\/strong><\/p>\n\n\n\n<p>La instituci\u00f3n educativa naci\u00f3 el 1 de junio de 1899, en el barrio Sur de la ciudad de Goya. Su primer director fue Wenceslao Fern\u00e1ndez, y, bajo la direcci\u00f3n de la Srita. Elcira Fiorito fue oficializada.<\/p>\n\n\n\n<p>Entre los directores posteriores se destacaron Rodolfo Benucci, Palmira Vi\u00f1\u00f3n, Virginia Galarza, Adela Pagani de Pereyra, Clara Levy, y otros tantos que por su dedicada labor fueron acrecentando el status de esta casa de estudios.<\/p>\n\n\n\n<p>En el a\u00f1o 1938 fue nombrado Director Enrique Carl\u00e9s Vilas, maestro que ha dado a la Escuela el impulso vitalizador de su personalidad, promoviendo adem\u00e1s otras iniciativas como la creaci\u00f3n de la Escuela de Adolescentes y Adultos N\u00ba 13.<\/p>\n\n\n\n<p>En el a\u00f1o 1949, en oportunidad de su cincuentenario, la \u201cEscuelita del Sur\u201d recibi\u00f3 el nombre de \u201cGeneral Jos\u00e9 de San Mart\u00edn\u201d.<\/p>\n","protected":false},"excerpt":{"rendered":"<p>El presidente de la c\u00e1mara de Diputados Pedro Cassani adelant\u00f3 desde la Escuela m\u00e1s conocida como \u201cdel Sur\u201d en la ciudad de Goya, &nbsp;que esta semana volver\u00e1 a presentar el&hellip; <\/p>\n","protected":false},"author":4,"featured_media":151970,"comment_status":"closed","ping_status":"open","sticky":false,"template":"","format":"standard","meta":{"footnotes":""},"categories":[23],"tags":[],"class_list":["post-151969","post","type-post","status-publish","format-standard","has-post-thumbnail","hentry","category-actualidad"],"_links":{"self":[{"href":"https:\/\/corrientesdetarde.com\/index.php\/wp-json\/wp\/v2\/posts\/151969","targetHints":{"allow":["GET"]}}],"collection":[{"href":"https:\/\/corrientesdetarde.com\/index.php\/wp-json\/wp\/v2\/posts"}],"about":[{"href":"https:\/\/corrientesdetarde.com\/index.php\/wp-json\/wp\/v2\/types\/post"}],"author":[{"embeddable":true,"href":"https:\/\/corrientesdetarde.com\/index.php\/wp-json\/wp\/v2\/users\/4"}],"replies":[{"embeddable":true,"href":"https:\/\/corrientesdetarde.com\/index.php\/wp-json\/wp\/v2\/comments?post=151969"}],"version-history":[{"count":1,"href":"https:\/\/corrientesdetarde.com\/index.php\/wp-json\/wp\/v2\/posts\/151969\/revisions"}],"predecessor-version":[{"id":151974,"href":"https:\/\/corrientesdetarde.com\/index.php\/wp-json\/wp\/v2\/posts\/151969\/revisions\/151974"}],"wp:featuredmedia":[{"embeddable":true,"href":"https:\/\/corrientesdetarde.com\/index.php\/wp-json\/wp\/v2\/media\/151970"}],"wp:attachment":[{"href":"https:\/\/corrientesdetarde.com\/index.php\/wp-json\/wp\/v2\/media?parent=151969"}],"wp:term":[{"taxonomy":"category","embeddable":true,"href":"https:\/\/corrientesdetarde.com\/index.php\/wp-json\/wp\/v2\/categories?post=151969"},{"taxonomy":"post_tag","embeddable":true,"href":"https:\/\/corrientesdetarde.com\/index.php\/wp-json\/wp\/v2\/tags?post=151969"}],"curies":[{"name":"wp","href":"https:\/\/api.w.org\/{rel}","templated":true}]}}