{"id":151975,"date":"2024-06-02T10:57:58","date_gmt":"2024-06-02T13:57:58","guid":{"rendered":"https:\/\/corrientesdetarde.com\/?p=151975"},"modified":"2024-06-02T10:58:10","modified_gmt":"2024-06-02T13:58:10","slug":"las-ferias-de-la-ciudad-inician-junio-conun-nuevo-recorrido-por-espacios-publicos","status":"publish","type":"post","link":"https:\/\/corrientesdetarde.com\/index.php\/destacados\/las-ferias-de-la-ciudad-inician-junio-conun-nuevo-recorrido-por-espacios-publicos\/","title":{"rendered":"Las Ferias de la Ciudad inician junio conun nuevo recorrido por espacios p\u00fablicos"},"content":{"rendered":"\n<p><em>Los feriantes de frutas, verduras, panificados caseros, dulces regionales, artesan\u00edas y plantas ornamentales estar\u00e1n ofreciendo sus productos de lunes a viernes, de 8 a 13, en distintas plazas y espacios verdes de la ciudad. Tal como viene d\u00e1ndose desde la semana pasada, los viernes se suma un espacio de feria. En tanto, el s\u00e1bado y domingo se trasladar\u00e1n al parque Mitre y al Paseo Arazaty.<\/em><\/p>\n\n\n\n<figure class=\"wp-block-image size-large\"><img loading=\"lazy\" decoding=\"async\" width=\"1024\" height=\"686\" src=\"https:\/\/corrientesdetarde.com\/wp-content\/uploads\/2024\/06\/image-3-1024x686.png\" alt=\"\" class=\"wp-image-151977\" srcset=\"https:\/\/corrientesdetarde.com\/wp-content\/uploads\/2024\/06\/image-3-1024x686.png 1024w, https:\/\/corrientesdetarde.com\/wp-content\/uploads\/2024\/06\/image-3-300x201.png 300w, https:\/\/corrientesdetarde.com\/wp-content\/uploads\/2024\/06\/image-3-768x515.png 768w, https:\/\/corrientesdetarde.com\/wp-content\/uploads\/2024\/06\/image-3.png 1261w\" sizes=\"auto, (max-width: 1024px) 100vw, 1024px\" \/><\/figure>\n\n\n\n<p>La Municipalidad de Corrientes dio a conocer el cronograma de Ferias de la Ciudad de la primera semana de junio, que consiste en un nuevo recorrido por plazas, parques y espacios verdes. La iniciativa es coordinada y organizada por la Secretar\u00eda de Desarrollo Econ\u00f3mico municipal, a trav\u00e9s de la Subsecretar\u00eda de Econom\u00eda Social.<br><br>La propuesta ofrece frutas y verduras, adem\u00e1s de productos panificados caseros, dulces regionales, artesan\u00edas, y plantas ornamentales.\u00a0<br><br>El recorrido de la semana entrante comenzar\u00e1 el lunes 3 en la plaza Rep\u00fablica del Per\u00fa del barrio Mil Viviendas (Patagonia y La Paz) y en la plazoleta Los Inmigrantes (Sarmiento y Ac. Correa) del barrio Ber\u00f3n de Astrada.<br><\/p>\n\n\n\n<figure class=\"wp-block-image size-large\"><img loading=\"lazy\" decoding=\"async\" width=\"1024\" height=\"682\" src=\"https:\/\/corrientesdetarde.com\/wp-content\/uploads\/2024\/06\/image-4-1024x682.png\" alt=\"\" class=\"wp-image-151978\" srcset=\"https:\/\/corrientesdetarde.com\/wp-content\/uploads\/2024\/06\/image-4-1024x682.png 1024w, https:\/\/corrientesdetarde.com\/wp-content\/uploads\/2024\/06\/image-4-300x200.png 300w, https:\/\/corrientesdetarde.com\/wp-content\/uploads\/2024\/06\/image-4-768x512.png 768w, https:\/\/corrientesdetarde.com\/wp-content\/uploads\/2024\/06\/image-4.png 1267w\" sizes=\"auto, (max-width: 1024px) 100vw, 1024px\" \/><\/figure>\n\n\n\n<p><br>El martes 4, de 8 a 13, los puestos desembarcar\u00e1n en la plaza Torrent (San Lorenzo y Bol\u00edvar) del barrio Centro y en la plaza Los Amigos (por calle Brasil, frente a la Escuela 6) en el barrio Libertad.<br><br>El mi\u00e9rcoles 5 se repite la propuesta en la c\u00e9ntrica plaza Torrent, en tanto que el jueves 6, los puesteros se ubicar\u00e1n en plaza La Cruz (Salta y Belgrano), en el barrio del mismo nombre.<br><br>El viernes 7, los feriantes llegar\u00e1n al barrio Mil Viviendas (plaza Rep\u00fablica del Per\u00fa en Patagonia y La Paz); al barrio Ber\u00f3n de Astrada (plazoleta Los Inmigrantes, en Ac. Fern\u00e1ndez y Sarmiento); al barrio Laguna Seca (en el espacio verde ubicado frente al colegio secundario Arturo Illia, Larrea 3400); y en la plaza De Los Constituyentes (R\u00edo Limay y Congreso) en el barrio Santa Mar\u00eda.<br><br>El recorrido continuar\u00e1 el s\u00e1bado 8, de 8 a 13, por la calle Pil\u00fa G\u00f3mez y Jos\u00e9 Rol\u00f3n, en el parque Mitre, mientras que en el Paseo Arazaty estar\u00e1n de 10 a 22.<br><br>El cierre de la semana ser\u00e1 el domingo 9, en el horario extendido de 10 a 20, en el Paseo Arazaty. All\u00ed los puesteros ofrecer\u00e1n plantas ornamentales, ofertas gastron\u00f3micas, artesan\u00edas y manualidades.<br><br>CRONOGRAMA\u00a0<br>\u00a0<br>Lunes 3 de junio: plaza Rep\u00fablica del Per\u00fa (Mil Viviendas) y plazoleta Los Inmigrantes (Ber\u00f3n de Astrada)<br><br>Martes 4 de junio: plaza Los Amigos (barrio Libertad) \u00a0y plaza Torrent (barrio Centro)<br><br>Mi\u00e9rcoles 5 de junio: plaza Torrent (barrio Centro)\u00a0<br><br>Jueves 6 de junio: plaza La Cruz (barrio La Cruz)\u00a0<br><br>Viernes 7 de junio: plaza Rep\u00fablica del Per\u00fa (barrio Mil Viviendas), plazoleta Los Inmigrantes (barrio Ber\u00f3n de Astrada); frente al Colegio Arturo Illia (barrio San Ger\u00f3nimo); y en la plaza De Los Constituyentes (barrio Santa Mar\u00eda).<br><br>S\u00e1bado 8 de junio: parque Mitre y Paseo Arazaty<br><br>Domingo 9 de junio: Paseo Arazaty<\/p>\n\n\n\n<figure class=\"wp-block-image size-full\"><img loading=\"lazy\" decoding=\"async\" width=\"726\" height=\"903\" src=\"https:\/\/corrientesdetarde.com\/wp-content\/uploads\/2024\/06\/image-2.png\" alt=\"\" class=\"wp-image-151976\" srcset=\"https:\/\/corrientesdetarde.com\/wp-content\/uploads\/2024\/06\/image-2.png 726w, https:\/\/corrientesdetarde.com\/wp-content\/uploads\/2024\/06\/image-2-241x300.png 241w\" sizes=\"auto, (max-width: 726px) 100vw, 726px\" \/><\/figure>\n","protected":false},"excerpt":{"rendered":"<p>Los feriantes de frutas, verduras, panificados caseros, dulces regionales, artesan\u00edas y plantas ornamentales estar\u00e1n ofreciendo sus productos de lunes a viernes, de 8 a 13, en distintas plazas y espacios&hellip; <\/p>\n","protected":false},"author":4,"featured_media":151979,"comment_status":"closed","ping_status":"open","sticky":false,"template":"","format":"standard","meta":{"footnotes":""},"categories":[26],"tags":[],"class_list":["post-151975","post","type-post","status-publish","format-standard","has-post-thumbnail","hentry","category-destacados"],"_links":{"self":[{"href":"https:\/\/corrientesdetarde.com\/index.php\/wp-json\/wp\/v2\/posts\/151975","targetHints":{"allow":["GET"]}}],"collection":[{"href":"https:\/\/corrientesdetarde.com\/index.php\/wp-json\/wp\/v2\/posts"}],"about":[{"href":"https:\/\/corrientesdetarde.com\/index.php\/wp-json\/wp\/v2\/types\/post"}],"author":[{"embeddable":true,"href":"https:\/\/corrientesdetarde.com\/index.php\/wp-json\/wp\/v2\/users\/4"}],"replies":[{"embeddable":true,"href":"https:\/\/corrientesdetarde.com\/index.php\/wp-json\/wp\/v2\/comments?post=151975"}],"version-history":[{"count":1,"href":"https:\/\/corrientesdetarde.com\/index.php\/wp-json\/wp\/v2\/posts\/151975\/revisions"}],"predecessor-version":[{"id":151980,"href":"https:\/\/corrientesdetarde.com\/index.php\/wp-json\/wp\/v2\/posts\/151975\/revisions\/151980"}],"wp:featuredmedia":[{"embeddable":true,"href":"https:\/\/corrientesdetarde.com\/index.php\/wp-json\/wp\/v2\/media\/151979"}],"wp:attachment":[{"href":"https:\/\/corrientesdetarde.com\/index.php\/wp-json\/wp\/v2\/media?parent=151975"}],"wp:term":[{"taxonomy":"category","embeddable":true,"href":"https:\/\/corrientesdetarde.com\/index.php\/wp-json\/wp\/v2\/categories?post=151975"},{"taxonomy":"post_tag","embeddable":true,"href":"https:\/\/corrientesdetarde.com\/index.php\/wp-json\/wp\/v2\/tags?post=151975"}],"curies":[{"name":"wp","href":"https:\/\/api.w.org\/{rel}","templated":true}]}}